{"id":1770,"date":"2013-12-12T08:52:10","date_gmt":"2013-12-12T08:52:10","guid":{"rendered":"http:\/\/fundaciolluiscoromina.org\/?p=1770"},"modified":"2013-12-12T08:52:10","modified_gmt":"2013-12-12T08:52:10","slug":"la-fundacioi-alicia-i-lobservatori-del-paisatge-conviden-la-fundacio-a-explicar-el-projecte-de-leat-art","status":"publish","type":"post","link":"http:\/\/fundaciolluiscoromina.org\/index.php\/2013\/12\/12\/la-fundacioi-alicia-i-lobservatori-del-paisatge-conviden-la-fundacio-a-explicar-el-projecte-de-leat-art\/","title":{"rendered":"La Fundaci\u00f3 Al\u00edcia i l&#8217;Observatori del paisatge conviden la fundaci\u00f3 a explicar el projecte de l&#8217;Eat Art"},"content":{"rendered":"<p><a href=\"http:\/\/espaieatart.files.wordpress.com\/2013\/12\/paisaliment.jpg\"><img loading=\"lazy\" decoding=\"async\" class=\"alignleft size-large wp-image-1771\" alt=\"paisaliment\" src=\"http:\/\/espaieatart.files.wordpress.com\/2013\/12\/paisaliment.jpg?w=590\" width=\"590\" height=\"417\" \/><\/a><\/p>\n<dl>\n<dd><\/dd>\n<dd><\/dd>\n<dd><\/dd>\n<dd><\/dd>\n<dd><\/dd>\n<dd><\/dd>\n<dd><\/dd>\n<dd><\/dd>\n<dd><\/dd>\n<dd><em>El director de la Fundaci\u00f3 Llu\u00eds Coromina i director de la revista bonart presenta avui a la tarda el projecte de l&#8217;Espai Eat Art &#8211; Llu\u00eds Vil\u00e0 de Banyoles en les jornades Paisatge, alimentaci\u00f3, creativitat i identitat.<\/em><\/dd>\n<dd>Vivim uns moments especials. Hom diria que els pilars del sistema de producci\u00f3 i de consum hegem\u00f2nic vigents fins fa quatre dies mostren esquerdes, i que aquell model de creixement que, abans-d&#8217;ahir, semblava inq\u00fcestionable, es troba avui en quarantena. Alhora, emergeixen a tort i a dret noves actituds davant els recursos naturals, davant el paisatge, davant els llocs de la vida quotidiana. Es reclama una vida m\u00e9s completa, m\u00e9s plena de sentit. En aquest proc\u00e9s t\u00e9 un paper cabdal tot el que t\u00e9 a veure amb una alimentaci\u00f3 m\u00e9s sana, vinculada als productes aut\u00f2ctons i respectuosa amb l&#8217;entorn. Una alimentaci\u00f3 creativa, imaginativa i, sobretot, entesa com a expressi\u00f3 de la identitat d&#8217;un lloc i del seu rostre, el paisatge. Conscients de la gran quantitat d&#8217;iniciatives interessants que en aquests moments estan emergint en aquest context, l&#8217;Observatori del Paisatge de Catalunya, en col\u00b7laboraci\u00f3 amb la Fundaci\u00f3 Catalunya-La Pedrera i la Fundaci\u00f3 Al\u00edcia, es proposa amb aquest seminari debatre a fons la relaci\u00f3 existent entre paisatge, alimentaci\u00f3, creativitat i identitat com una via m\u00e9s per contribuir a trobar una sortida s\u00f2lida i consistent d\u00bbuna de les pitjors crisis sist\u00e8miques que han patit la nostra societat i la nostra economia.<\/dd>\n<dd>http:\/\/www.catpaisatge.net\/cat\/agenda.php?data=12\/12\/13<\/dd>\n<dd>\n<dl>\n<dt>Paisatge + Alimentaci\u00f3 + Creativitat + Identitat<\/dt>\n<dt>Lloc: M\u00f3n Sant Benet. Sant Fruit\u00f3s del Bages (Bages)<\/dt>\n<dt>Organitzat per: Observatori del Paisatge de Catalunya, Fundaci\u00f3 Catalunya &#8211; La Pedrera i Fundaci\u00f3 Al\u00edcia<\/dt>\n<\/dl>\n<\/dd>\n<dd><\/dd>\n<\/dl>\n","protected":false},"excerpt":{"rendered":"<p>El director de la Fundaci\u00f3 Llu\u00eds Coromina i director de la revista bonart presenta avui a la tarda el projecte &#8230;<\/p>\n","protected":false},"author":1,"featured_media":1771,"comment_status":"open","ping_status":"open","sticky":false,"template":"","format":"standard","meta":{"footnotes":""},"categories":[9],"tags":[],"class_list":["post-1770","post","type-post","status-publish","format-standard","has-post-thumbnail","hentry","category-historic"],"_links":{"self":[{"href":"http:\/\/fundaciolluiscoromina.org\/index.php\/wp-json\/wp\/v2\/posts\/1770","targetHints":{"allow":["GET"]}}],"collection":[{"href":"http:\/\/fundaciolluiscoromina.org\/index.php\/wp-json\/wp\/v2\/posts"}],"about":[{"href":"http:\/\/fundaciolluiscoromina.org\/index.php\/wp-json\/wp\/v2\/types\/post"}],"author":[{"embeddable":true,"href":"http:\/\/fundaciolluiscoromina.org\/index.php\/wp-json\/wp\/v2\/users\/1"}],"replies":[{"embeddable":true,"href":"http:\/\/fundaciolluiscoromina.org\/index.php\/wp-json\/wp\/v2\/comments?post=1770"}],"version-history":[{"count":0,"href":"http:\/\/fundaciolluiscoromina.org\/index.php\/wp-json\/wp\/v2\/posts\/1770\/revisions"}],"wp:attachment":[{"href":"http:\/\/fundaciolluiscoromina.org\/index.php\/wp-json\/wp\/v2\/media?parent=1770"}],"wp:term":[{"taxonomy":"category","embeddable":true,"href":"http:\/\/fundaciolluiscoromina.org\/index.php\/wp-json\/wp\/v2\/categories?post=1770"},{"taxonomy":"post_tag","embeddable":true,"href":"http:\/\/fundaciolluiscoromina.org\/index.php\/wp-json\/wp\/v2\/tags?post=1770"}],"curies":[{"name":"wp","href":"https:\/\/api.w.org\/{rel}","templated":true}]}}