{"id":1774,"date":"2013-12-20T09:23:53","date_gmt":"2013-12-20T09:23:53","guid":{"rendered":"http:\/\/fundaciolluiscoromina.org\/?p=1774"},"modified":"2013-12-20T09:23:53","modified_gmt":"2013-12-20T09:23:53","slug":"presentacio-de-la-fundacio-lluis-coromina-a-barcelona","status":"publish","type":"post","link":"http:\/\/fundaciolluiscoromina.org\/index.php\/2013\/12\/20\/presentacio-de-la-fundacio-lluis-coromina-a-barcelona\/","title":{"rendered":"Presentaci\u00f3 de la Fundaci\u00f3 Llu\u00eds Coromina a Barcelona"},"content":{"rendered":"<p><a href=\"http:\/\/espaieatart.files.wordpress.com\/2013\/12\/pre-fund-bcn-p1-cocc80pia.jpg\"><img loading=\"lazy\" decoding=\"async\" id=\"i-1776\" class=\" wp-image\" src=\"http:\/\/espaieatart.files.wordpress.com\/2013\/12\/pre-fund-bcn-p1-cocc80pia.jpg?w=650\" alt=\"Imatge\" width=\"707\" height=\"250\" \/><\/a><\/p>\n<p>A la seu de la Fundaci\u00f3 Llu\u00eds Coromina de Barcelona, i amb motiu de la trobada anual d\u2019amics i col\u00b7laboradors de la revista bonart, va tenir lloc la presentaci\u00f3 a Barcelona de la Fundaci\u00f3 Llu\u00eds Coromina. El seu president, Llu\u00eds Coromina va adre\u00e7ar unes paraules de benvinguda als assistents a l\u2019acte. Per la seva banda, el director de la revista bonart i a la vegada director de la Fundaci\u00f3 Llu\u00eds Coromina, Ricard Planas va assenyalar que la trobada era sumar sinergies entre dues entitats que treballen per vertebrar pa\u00eds i territori. Va agrair els tres guardons que la revista ha guanyat durant el 2013 (APPEC, ACCA i Joves Empresaris), aix\u00ed com va esmentar a un seguit de persones que han ajudat a consolidar el projecte bonart, que enguany arriba als 14 anys. Ricard Planas va agrair a la fundaci\u00f3 i en especial al seu president, Llu\u00eds Coromina la confian\u00e7a en encarregar-li el projecte i va fer refer\u00e8ncia a la tasca que desenvolupa la Fundaci\u00f3 en el m\u00f3n de les arts i tamb\u00e9 en el suport en l&#8217;\u00e0mbit del tercer secto,r representat a l\u2019acte per la Fundaci\u00f3 Autisme Mas Casadevall i la Fundaci\u00f3 el Somni dels nens. Els assistents a la vetllada varen rebre un exemplar de bonart, un llibre-objecte sobre les activitats de la fundaci\u00f3, un llibre de l\u2019editorial Alfabia i un objecte realitzat per persones vinculades al Mas Casadevall.<\/p>\n<p>L\u2019acte, que es va obrir amb una performance po\u00e8tica de Kiku Mistu i Amai -Centre Cultural Imaginari- sobre Salvador Espriu amb motiu de l\u2019any del poeta, va ser amenitzada per m\u00fasics coordinats pel festival Aph\u00f2nica de Banyoles. Entre els assistentes hi eren presents el conseller de Territori i Sostenibilitat de la Generalitat de Catalunya, Santi Vila; el director general de la Direcci\u00f3 General de Creaci\u00f3 i Empreses Culturals de la Generalitat, Jordi Sellas; Lluci\u00e0 Homs, director de l\u2019Institut de Cultura de Barcelona; el director del CCCB, Mar\u00e7al Sintes; la directora d\u2019Arts Santa M\u00f2nica, Conxita Oliver; el director de la Fundaci\u00f3 Arranz-Bravo, Albert Mercad\u00e9; Gabriel Pin\u00f3s del Museu del Modernisme Catal\u00e0; Carles Duarte, president del Conca i de la Fundaci\u00f3 Llu\u00eds Carulla; Antoni Vila Casas, col\u00b7leccionista i president de la Fundaci\u00f3 Vila Casas; Josep Santacreu, director general de DKV i col\u00b7leccionista; Martina Mill\u00e0, cap de programaci\u00f3 de la Fundaci\u00f3 Mir\u00f3; Joaquim D\u00edaz, director de la fira Swab; Carlos Merino, advocat; Ramon Rovira, director general de comunicaci\u00f3 del Grup Banc de Sabadell; Vicen\u00e7 Altai\u00f3, exdirector d\u2019Ars Santa M\u00f2nica; Joan Ant\u00f3n Maragall, president de l\u2019Associaci\u00f3 Art Barcelona; Albert Gran, president del Gremi de Galeries de Catalunya; Carme Mur, ex directora de Man Power i directora de la Fundaci\u00f3 El Somni dels Nens; Francesc de Dalmases, director de la revista ONGC i del Catalan International View; Pep Mendoza i Llu\u00eds de Soy, de la Fundaci\u00f3 Mas Casadevall; Jordi Grau, director adjunt d\u2019El Punt-Avui; el fot\u00f2graf Francesc Guillamet; la presidenta del patronat de la Fundaci\u00f3 Llu\u00eds Coromina, Montse Oller; els artistes Eduard Arranz-Bravo i Miquel Gelabert; el col\u00b7leccionista Jordi Gimferrer; Diana Zaforteza, d\u2019edicions Alfabia; Xavier Barral, ex director del MNAC; Joan M. Minguet, president de l\u2019Associaci\u00f3 de Cr\u00edtics d\u2019Art de Catalunya; Andreu Carulla, dissenyador banyol\u00ed; Pilar Parcerisas, historiadora i cr\u00edtica d&#8217;art; Yurian Quintanas, fot\u00f2graf banyol\u00ed; Francesc Viladeu, programador banyol\u00ed i l\u2019editora de bonart cultural, Anna Maria Camps, entre d\u2019altres. Tamb\u00e9 hi eren presents, els treballadors i col\u00b7laboradors de la revista bonart, treballadors de la Fundaci\u00f3 Llu\u00eds Coromina.<\/p>\n<p><a href=\"http:\/\/espaieatart.files.wordpress.com\/2013\/12\/pre-fund-bcn-p15.jpg\"><img loading=\"lazy\" decoding=\"async\" class=\"alignleft size-large wp-image-1789\" src=\"http:\/\/espaieatart.files.wordpress.com\/2013\/12\/pre-fund-bcn-p15.jpg?w=590\" alt=\"PRE FUND BCN P15\" width=\"590\" height=\"393\" \/><\/a><a href=\"http:\/\/espaieatart.files.wordpress.com\/2013\/12\/pre-fund-bcn-p20.jpg\"><img loading=\"lazy\" decoding=\"async\" class=\"alignleft size-large wp-image-1792\" src=\"http:\/\/espaieatart.files.wordpress.com\/2013\/12\/pre-fund-bcn-p20.jpg?w=590\" alt=\"PRE FUND BCN P20\" width=\"590\" height=\"398\" \/><\/a><a href=\"http:\/\/espaieatart.files.wordpress.com\/2013\/12\/pre-fund-bcn-p10.jpg\"><img loading=\"lazy\" decoding=\"async\" class=\"alignleft size-large wp-image-1795\" src=\"http:\/\/espaieatart.files.wordpress.com\/2013\/12\/pre-fund-bcn-p10.jpg?w=590\" alt=\"PRE FUND BCN P10\" width=\"590\" height=\"456\" \/><\/a><a href=\"http:\/\/espaieatart.files.wordpress.com\/2013\/12\/pre-fund-bcn-p13.jpg\"><img loading=\"lazy\" decoding=\"async\" class=\"alignleft size-large wp-image-1791\" src=\"http:\/\/espaieatart.files.wordpress.com\/2013\/12\/pre-fund-bcn-p13.jpg?w=590\" alt=\"PRE FUND BCN P13\" width=\"590\" height=\"384\" \/><\/a><\/p>\n<p>&nbsp;<\/p>\n<p>&nbsp;<\/p>\n<p>&nbsp;<\/p>\n<p>&nbsp;<\/p>\n<p>&nbsp;<\/p>\n<p>&nbsp;<\/p>\n<p>&nbsp;<\/p>\n<p>&nbsp;<\/p>\n<p>&nbsp;<\/p>\n<p>&nbsp;<\/p>\n<p>&nbsp;<\/p>\n<p>&nbsp;<\/p>\n<p>&nbsp;<\/p>\n<p>&nbsp;<\/p>\n<p>&nbsp;<\/p>\n<p>&nbsp;<\/p>\n<p>&nbsp;<\/p>\n<p>&nbsp;<\/p>\n<p>&nbsp;<\/p>\n<p>&nbsp;<\/p>\n<p>&nbsp;<\/p>\n<p>&nbsp;<\/p>\n<p>&nbsp;<\/p>\n<p>&nbsp;<\/p>\n<p>&nbsp;<\/p>\n<p>&nbsp;<\/p>\n<p>&nbsp;<\/p>\n<p>&nbsp;<\/p>\n<p>&nbsp;<\/p>\n<p>&nbsp;<\/p>\n<p>&nbsp;<\/p>\n<p>&nbsp;<\/p>\n<p>&nbsp;<\/p>\n<p>&nbsp;<\/p>\n<p>&nbsp;<\/p>\n<p>&nbsp;<\/p>\n<p>&nbsp;<\/p>\n<p>&nbsp;<\/p>\n<p>&nbsp;<\/p>\n<p>&nbsp;<\/p>\n<p>&nbsp;<\/p>\n<p>&nbsp;<\/p>\n<p>&nbsp;<\/p>\n<p>&nbsp;<\/p>\n<p>&nbsp;<\/p>\n<p>&nbsp;<\/p>\n<p>&nbsp;<\/p>\n<p>&nbsp;<\/p>\n<p>&nbsp;<\/p>\n<p>&nbsp;<\/p>\n<p>&nbsp;<\/p>\n<p>&nbsp;<\/p>\n<p>&nbsp;<\/p>\n<p>&nbsp;<\/p>\n<p>&nbsp;<\/p>\n<p>&nbsp;<\/p>\n<p>&nbsp;<\/p>\n<p>&nbsp;<\/p>\n<p>&nbsp;<\/p>\n<p>&nbsp;<\/p>\n","protected":false},"excerpt":{"rendered":"<p>A la seu de la Fundaci\u00f3 Llu\u00eds Coromina de Barcelona, i amb motiu de la trobada anual d\u2019amics i col\u00b7laboradors &#8230;<\/p>\n","protected":false},"author":1,"featured_media":1789,"comment_status":"open","ping_status":"open","sticky":false,"template":"","format":"standard","meta":{"footnotes":""},"categories":[9],"tags":[89,90,91,92,93,21,53,94],"class_list":["post-1774","post","type-post","status-publish","format-standard","has-post-thumbnail","hentry","category-historic","tag-antoni-vila-casas","tag-bonart-cultural","tag-fundacio-lluis-coromina","tag-jordi-sellas","tag-josep-santacreu","tag-lluis-coromina","tag-ricard-planas","tag-santi-vila"],"_links":{"self":[{"href":"http:\/\/fundaciolluiscoromina.org\/index.php\/wp-json\/wp\/v2\/posts\/1774","targetHints":{"allow":["GET"]}}],"collection":[{"href":"http:\/\/fundaciolluiscoromina.org\/index.php\/wp-json\/wp\/v2\/posts"}],"about":[{"href":"http:\/\/fundaciolluiscoromina.org\/index.php\/wp-json\/wp\/v2\/types\/post"}],"author":[{"embeddable":true,"href":"http:\/\/fundaciolluiscoromina.org\/index.php\/wp-json\/wp\/v2\/users\/1"}],"replies":[{"embeddable":true,"href":"http:\/\/fundaciolluiscoromina.org\/index.php\/wp-json\/wp\/v2\/comments?post=1774"}],"version-history":[{"count":0,"href":"http:\/\/fundaciolluiscoromina.org\/index.php\/wp-json\/wp\/v2\/posts\/1774\/revisions"}],"wp:attachment":[{"href":"http:\/\/fundaciolluiscoromina.org\/index.php\/wp-json\/wp\/v2\/media?parent=1774"}],"wp:term":[{"taxonomy":"category","embeddable":true,"href":"http:\/\/fundaciolluiscoromina.org\/index.php\/wp-json\/wp\/v2\/categories?post=1774"},{"taxonomy":"post_tag","embeddable":true,"href":"http:\/\/fundaciolluiscoromina.org\/index.php\/wp-json\/wp\/v2\/tags?post=1774"}],"curies":[{"name":"wp","href":"https:\/\/api.w.org\/{rel}","templated":true}]}}