{"id":1800,"date":"2014-01-22T19:00:23","date_gmt":"2014-01-22T19:00:23","guid":{"rendered":"http:\/\/fundaciolluiscoromina.org\/?p=1800"},"modified":"2014-01-22T19:00:23","modified_gmt":"2014-01-22T19:00:23","slug":"una-escultura-de-lluis-vila-present-en-el-festival-pepe-sales-que-homenatge-el-critic-i-pensador-j-e-cirlot","status":"publish","type":"post","link":"http:\/\/fundaciolluiscoromina.org\/index.php\/2014\/01\/22\/una-escultura-de-lluis-vila-present-en-el-festival-pepe-sales-que-homenatge-el-critic-i-pensador-j-e-cirlot\/","title":{"rendered":"Una escultura de Llu\u00eds Vil\u00e0 present en el Festival Pepe Sales que homenatge el cr\u00edtic i pensador J.E. Cirlot"},"content":{"rendered":"<p><a href=\"http:\/\/espaieatart.files.wordpress.com\/2014\/01\/ad03459.jpg\"><img decoding=\"async\" class=\"size-full wp-image\" id=\"i-1811\" alt=\"Imatge\" src=\"http:\/\/espaieatart.files.wordpress.com\/2014\/01\/ad03459.jpg?w=650\" \/><\/a><\/p>\n<p>El centre cultural la Merc\u00e8 de Girona acollir\u00e0 el dijous 23 de gener, a les vuit del vespre, l&#8217;acte d&#8217;obertura del festival Pepe Sales, dedicat enguany a Juan Eduardo Cirlot i organitzat per La Penyora Cultura. L&#8217;acte s&#8217;iniciar\u00e0 amb la inauguraci\u00f3 d&#8217;una mostra d&#8217;arts, que es podr\u00e0 visitar fins el 4 de febrer, i que s&#8217;inspira en l&#8217;irrealisme i l&#8217;al\u00b7literaci\u00f3 de &#8216;La dama de Vallcarca&#8217;, poema surrealista de l&#8217;autor. Comissariada per Jofre Oliveras, l&#8217;exposici\u00f3 compta amb la participaci\u00f3 d&#8217;importants noms de l&#8217;escena catalana entre els quals el banyol\u00ed Llu\u00eds Vil\u00e0, que exhibeix una escultura en forma de pa de bronze d&#8217;on hi surt una m\u00e0. La resta d&#8217;artistes presents s\u00f3n Santi Moix, Pep Admetlla, Narc\u00eds Coderch, Roser Oliveras, Pere Bell\u00e8s, Provi Casals, Toni Agust\u00ed, Pep Camps, Montse Costa, Quim Serrano, M. \u00c0ngels Feliu, Kiko Yraola, Ivan Morales, Pau Baena, Miguel Fern\u00e1ndez, Pia Crozet, Carme Sanglas, Josep Perpiny\u00e0, Miche\u00e1l Wittherosgien, Llu\u00eds Vil\u00e0, Xano Armenter, Mim Junc\u00e0, Pep Aymerich, Jordi Esteban, Andr\u00e9s Siri, Cristina Lliurat, Joan Revent\u00f3s, Twin Sisters i el mateix Jofre Oliveras.<\/p>\n<p>Juan Eduardo Cirlot (Barcelona, 1916-1973) \u00e9s una de les personalitats m\u00e9s interessants i amagades de la nostra cultura i de la cultura europea. Un personatge pr\u00f2xim i dual, autodidacta i obsessionat per les dones imagin\u00e0ries. Amic de Bu\u00f1uel i Dal\u00ed, poeta surrealista, m\u00fasic dodecaf\u00f2nic, cr\u00edtic d&#8217;art, te\u00f2ric i estudi\u00f3s dels s\u00edmbols&#8230; Sempre amb una certa autosufici\u00e8ncia aristocr\u00e0tica que l&#8217;allunyava dels seus contemporanis, Juan Eduardo Cirlot va mostrar un gran inter\u00e8s per les disciplines herm\u00e8tiques, l&#8217;esoterisme i la m\u00e0gia, el m\u00f3n ocult del misteri i dels somnis. Amb una desena de poemaris i una dotzena d&#8217;assaigs publicats, va formar part d&#8217;un corrent minoritari i extravagant de les nostres lletres. Tamb\u00e9 va escriure un llibre d&#8217;aforismes: &#8216;Del no mundo&#8217;.<\/p>\n","protected":false},"excerpt":{"rendered":"<p>El centre cultural la Merc\u00e8 de Girona acollir\u00e0 el dijous 23 de gener, a les vuit del vespre, l&#8217;acte d&#8217;obertura &#8230;<\/p>\n","protected":false},"author":1,"featured_media":0,"comment_status":"open","ping_status":"open","sticky":false,"template":"","format":"standard","meta":{"footnotes":""},"categories":[9],"tags":[],"class_list":["post-1800","post","type-post","status-publish","format-standard","hentry","category-historic"],"_links":{"self":[{"href":"http:\/\/fundaciolluiscoromina.org\/index.php\/wp-json\/wp\/v2\/posts\/1800","targetHints":{"allow":["GET"]}}],"collection":[{"href":"http:\/\/fundaciolluiscoromina.org\/index.php\/wp-json\/wp\/v2\/posts"}],"about":[{"href":"http:\/\/fundaciolluiscoromina.org\/index.php\/wp-json\/wp\/v2\/types\/post"}],"author":[{"embeddable":true,"href":"http:\/\/fundaciolluiscoromina.org\/index.php\/wp-json\/wp\/v2\/users\/1"}],"replies":[{"embeddable":true,"href":"http:\/\/fundaciolluiscoromina.org\/index.php\/wp-json\/wp\/v2\/comments?post=1800"}],"version-history":[{"count":0,"href":"http:\/\/fundaciolluiscoromina.org\/index.php\/wp-json\/wp\/v2\/posts\/1800\/revisions"}],"wp:attachment":[{"href":"http:\/\/fundaciolluiscoromina.org\/index.php\/wp-json\/wp\/v2\/media?parent=1800"}],"wp:term":[{"taxonomy":"category","embeddable":true,"href":"http:\/\/fundaciolluiscoromina.org\/index.php\/wp-json\/wp\/v2\/categories?post=1800"},{"taxonomy":"post_tag","embeddable":true,"href":"http:\/\/fundaciolluiscoromina.org\/index.php\/wp-json\/wp\/v2\/tags?post=1800"}],"curies":[{"name":"wp","href":"https:\/\/api.w.org\/{rel}","templated":true}]}}