{"id":1816,"date":"2014-02-01T09:24:08","date_gmt":"2014-02-01T09:24:08","guid":{"rendered":"http:\/\/fundaciolluiscoromina.org\/?p=1816"},"modified":"2014-02-01T09:24:08","modified_gmt":"2014-02-01T09:24:08","slug":"reunio-per-impulsar-a-labril-el-dia-internacional-de-lart-al-pla-de-lestany","status":"publish","type":"post","link":"http:\/\/fundaciolluiscoromina.org\/index.php\/2014\/02\/01\/reunio-per-impulsar-a-labril-el-dia-internacional-de-lart-al-pla-de-lestany\/","title":{"rendered":"Reuni\u00f3 per impulsar a l&#8217;abril el Dia Internacional de l&#8217;Art al Pla de l&#8217;Estany"},"content":{"rendered":"<p>El Dia Internacional de l&#8217;Art \u00e9s un esdeveniment que se celebra tots els 15 d&#8217;abril, data de naixement de Leonardo da Vinci, i que es du a terme des del 2012. Si enguany, es vol commemorar el cap de setmana abans (12 i 13 d&#8217;abril) per tal d&#8217;amplificar el ress\u00f3 de la proposta, ja que el 15 d&#8217;escau en dimarts, dia feiner. A Catalunya nom\u00e9s s&#8217;ha celebrat a Girona -des de l&#8217;any passat- i, enguany, diferents ens del Pla de l&#8217;Estany ens hem reunit per desenvolupar aquesta efem\u00e8ride a la nostra comarca. Per tal de posa en marxa aquesta acci\u00f3, la Fundaci\u00f3 Llu\u00eds Coromina, a l&#8217;edifici El Puntal va celebrar una reuni\u00f3 amb un trentena de representats del sector p\u00fablic i privat, creadors, historiadors, arquitectes, dissenyadors&#8230; i es van marcar diferents l\u00ednies de treball de les quals en destaquen la seg\u00fcents:<\/p>\n<p>Una acci\u00f3 performativa a l&#8217;espai p\u00fablica que sota el t\u00edtol de \u00abEl REC NOU\u00bb posar\u00e0 de manifest tres punts: la import\u00e0ncia de l&#8217;aigua a nivell local i global, la import\u00e0ncia estrat\u00e8gica de vincular la Banyoles \u00abinterior\u00bb amb la Banyoles de l&#8217;Estany i la import\u00e0ncia de l&#8217;art i la creaci\u00f3 com a mecanisme per fer reflexionar \u00e8tica i est\u00e8ticament a les societats.\u00a0Aquesta acci\u00f3 esdevindr\u00e0 col\u00b7laborativa, s&#8217;hi podr\u00e0 apuntar tothom, una via catalana cultural on la gent s&#8217;haur\u00e0 d&#8217;anar passant l&#8217;aigua mitjan\u00e7ant una gallega i simb\u00f2licament es portar\u00e0 l&#8217;aigua des del Monestir de Sant Esteve, passant per espais com la Llotja el Tint i l&#8217;Espai Eat Art-Vil\u00e0 fins a l&#8217;Estany. La durada ser\u00e0 de les 11 del mat\u00ed i fins a les 2 del migdia aproximadament. A la finalitzaci\u00f3 es far\u00e0 una trobada de germanor entre tots els col\u00b7laboradors. Tot l&#8217;esdeveniment ser\u00e0 filmat i fotografiat per posteriorment fer-ne una exposici\u00f3 que serveixi per reflexionar sobre \u00abla unificaci\u00f3\u00bb de les dues Banyoles. Aix\u00ed mateix, ja que quotidianament hem extret recursos de l&#8217;estany, amb aquesta acci\u00f3 fem un reconeixement simb\u00f2lic a aquest important ecosistema i li tornem l&#8217;aigua que ens \u00e9s font de vida i coneixement.<\/p>\n<p>Per altra banda, l&#8217;obertura de tallers, enguany, s&#8217;ha reservat de fer-lo exclussivament al de l&#8217;activista, pintor, cartellista i fot\u00f2graf Carles Fontser\u00e8 a Porqueres, en clau d&#8217;homenatge i de reconeixement d&#8217;aquest creador de primer ordre.<\/p>\n<p>Aix\u00ed mateix, l&#8217;oferta es completer\u00e0 amb una s\u00e8rie de din\u00e0miques infantils adre\u00e7ades a escolars.<\/p>\n<p>http:\/\/iaaworldartday.com<\/p>\n<p><a href=\"http:\/\/espaieatart.files.wordpress.com\/2014\/02\/foto-2.jpg\"><img decoding=\"async\" class=\"size-full wp-image\" id=\"i-1854\" alt=\"Imatge\" src=\"http:\/\/espaieatart.files.wordpress.com\/2014\/02\/foto-2.jpg?w=650\" \/><a href=\"http:\/\/espaieatart.files.wordpress.com\/2014\/02\/foto-1.jpg\"><img decoding=\"async\" class=\"size-full wp-image\" id=\"i-1855\" alt=\"Imatge\" src=\"http:\/\/espaieatart.files.wordpress.com\/2014\/02\/foto-1.jpg?w=650\" \/><\/a><\/a><\/p>\n","protected":false},"excerpt":{"rendered":"<p>El Dia Internacional de l&#8217;Art \u00e9s un esdeveniment que se celebra tots els 15 d&#8217;abril, data de naixement de Leonardo &#8230;<\/p>\n","protected":false},"author":1,"featured_media":0,"comment_status":"open","ping_status":"open","sticky":false,"template":"","format":"standard","meta":{"footnotes":""},"categories":[9],"tags":[],"class_list":["post-1816","post","type-post","status-publish","format-standard","hentry","category-historic"],"_links":{"self":[{"href":"http:\/\/fundaciolluiscoromina.org\/index.php\/wp-json\/wp\/v2\/posts\/1816","targetHints":{"allow":["GET"]}}],"collection":[{"href":"http:\/\/fundaciolluiscoromina.org\/index.php\/wp-json\/wp\/v2\/posts"}],"about":[{"href":"http:\/\/fundaciolluiscoromina.org\/index.php\/wp-json\/wp\/v2\/types\/post"}],"author":[{"embeddable":true,"href":"http:\/\/fundaciolluiscoromina.org\/index.php\/wp-json\/wp\/v2\/users\/1"}],"replies":[{"embeddable":true,"href":"http:\/\/fundaciolluiscoromina.org\/index.php\/wp-json\/wp\/v2\/comments?post=1816"}],"version-history":[{"count":0,"href":"http:\/\/fundaciolluiscoromina.org\/index.php\/wp-json\/wp\/v2\/posts\/1816\/revisions"}],"wp:attachment":[{"href":"http:\/\/fundaciolluiscoromina.org\/index.php\/wp-json\/wp\/v2\/media?parent=1816"}],"wp:term":[{"taxonomy":"category","embeddable":true,"href":"http:\/\/fundaciolluiscoromina.org\/index.php\/wp-json\/wp\/v2\/categories?post=1816"},{"taxonomy":"post_tag","embeddable":true,"href":"http:\/\/fundaciolluiscoromina.org\/index.php\/wp-json\/wp\/v2\/tags?post=1816"}],"curies":[{"name":"wp","href":"https:\/\/api.w.org\/{rel}","templated":true}]}}