{"id":1858,"date":"2014-03-03T15:12:10","date_gmt":"2014-03-03T15:12:10","guid":{"rendered":"http:\/\/fundaciolluiscoromina.org\/?p=1858"},"modified":"2014-03-03T15:12:10","modified_gmt":"2014-03-03T15:12:10","slug":"jordi-tolosa-i-una-accio-pel-dia-de-la-dona-treballadora-inicien-la-temporada-de-la-fundacio-lluis-coromina","status":"publish","type":"post","link":"http:\/\/fundaciolluiscoromina.org\/index.php\/2014\/03\/03\/jordi-tolosa-i-una-accio-pel-dia-de-la-dona-treballadora-inicien-la-temporada-de-la-fundacio-lluis-coromina\/","title":{"rendered":"Jordi Tolosa i una acci\u00f3 pel dia de la dona treballadora inicien la temporada de la Fundaci\u00f3 Llu\u00eds Coromina"},"content":{"rendered":"<p>Des de la Fundaci\u00f3 Llu\u00eds Coromina us invitem en els actes d&#8217;aquest dissabte 8 de mar\u00e7 a partir de les 12h del migdia a l&#8217;edifici El Puntal (C\/ Girona, 161 &#8211; Banyoles)<\/p>\n<p>El primer, una exposici\u00f3 de Jordi Tolosa sobre el concepte d&#8217;horitzons i que s&#8217;ha dut a terme conjuntament amb el Museu del Joguet de Catalunya i l&#8217;Observatori del Paisatge de Catalunya.<br \/>\nEl segon, una obra col\u00b7lectiva de participaci\u00f3 lliure que sota el t\u00edtol Constru\u00efm t\u00e8xtils &#8211; murs de resist\u00e8ncia, elaborar\u00e0 un mur de llana el Dia de la dona treballadora i que t\u00e9 el suport de la Facultat de Belles Arts de la Universitat de Barcelona, l&#8217;obrador Xisqueta i diferents entitats banyolines.<\/p>\n<p>&nbsp;<\/p>\n<p><a href=\"http:\/\/espaieatart.files.wordpress.com\/2014\/03\/murs-de-resistencia-flyer-8marc.jpg\"><img decoding=\"async\" id=\"i-1861\" class=\"size-full wp-image\" src=\"http:\/\/espaieatart.files.wordpress.com\/2014\/03\/murs-de-resistencia-flyer-8marc.jpg?w=650\" alt=\"Imatge\" \/><\/a><\/p>\n","protected":false},"excerpt":{"rendered":"<p>Des de la Fundaci\u00f3 Llu\u00eds Coromina us invitem en els actes d&#8217;aquest dissabte 8 de mar\u00e7 a partir de les &#8230;<\/p>\n","protected":false},"author":1,"featured_media":1960,"comment_status":"open","ping_status":"open","sticky":false,"template":"","format":"standard","meta":{"footnotes":""},"categories":[9],"tags":[],"class_list":["post-1858","post","type-post","status-publish","format-standard","has-post-thumbnail","hentry","category-historic"],"_links":{"self":[{"href":"http:\/\/fundaciolluiscoromina.org\/index.php\/wp-json\/wp\/v2\/posts\/1858","targetHints":{"allow":["GET"]}}],"collection":[{"href":"http:\/\/fundaciolluiscoromina.org\/index.php\/wp-json\/wp\/v2\/posts"}],"about":[{"href":"http:\/\/fundaciolluiscoromina.org\/index.php\/wp-json\/wp\/v2\/types\/post"}],"author":[{"embeddable":true,"href":"http:\/\/fundaciolluiscoromina.org\/index.php\/wp-json\/wp\/v2\/users\/1"}],"replies":[{"embeddable":true,"href":"http:\/\/fundaciolluiscoromina.org\/index.php\/wp-json\/wp\/v2\/comments?post=1858"}],"version-history":[{"count":0,"href":"http:\/\/fundaciolluiscoromina.org\/index.php\/wp-json\/wp\/v2\/posts\/1858\/revisions"}],"wp:attachment":[{"href":"http:\/\/fundaciolluiscoromina.org\/index.php\/wp-json\/wp\/v2\/media?parent=1858"}],"wp:term":[{"taxonomy":"category","embeddable":true,"href":"http:\/\/fundaciolluiscoromina.org\/index.php\/wp-json\/wp\/v2\/categories?post=1858"},{"taxonomy":"post_tag","embeddable":true,"href":"http:\/\/fundaciolluiscoromina.org\/index.php\/wp-json\/wp\/v2\/tags?post=1858"}],"curies":[{"name":"wp","href":"https:\/\/api.w.org\/{rel}","templated":true}]}}