{"id":187,"date":"2011-03-24T16:33:04","date_gmt":"2011-03-24T16:33:04","guid":{"rendered":"http:\/\/espaieatart.wordpress.com\/?p=187"},"modified":"2011-03-24T16:33:04","modified_gmt":"2011-03-24T16:33:04","slug":"obra-de-lluis-vila-al-35e-salo-dart-i-antiguitats-2011","status":"publish","type":"post","link":"http:\/\/fundaciolluiscoromina.org\/index.php\/2011\/03\/24\/obra-de-lluis-vila-al-35e-salo-dart-i-antiguitats-2011\/","title":{"rendered":"Pintures de les s\u00e8ries \u00abAbsoluts\u00bb i \u00abLogos\u00bb de Llu\u00eds Vil\u00e0 es presenten al Sal\u00f3 d&#8217;Art i Antiguitats 2011 de Barcelona"},"content":{"rendered":"<p style=\"text-align:left;\">L&#8217;estand de la revista bonart va servir per exposar obra pict\u00f2rica de Llu\u00eds Vil\u00e0, amb motiu de la 35\u00e8 edici\u00f3 del Sal\u00f3 d&#8217;art i antiguitats de Barcelona; un esdeveniment de relleu a nivell europeu. Tres van ser les peces exposades, dues de les quals de la s\u00e8rie \u00abAbsolut\u00bb 2009 i una darrera -a la centre de la imatge inferior- de la s\u00e8rie \u00abLogos\u00bb 2003. La proposta serveix per donar a con\u00e8ixer obra de l&#8217;artista a diferents cert\u00e0mens d&#8217;inter\u00e8s d&#8217;arreu d&#8217;Europa.<\/p>\n<p style=\"text-align:center;\">\u00a0<a href=\"http:\/\/espaieatart.files.wordpress.com\/2011\/03\/antiquaris-blog.jpg\"><img loading=\"lazy\" decoding=\"async\" class=\"size-full wp-image-188 alignleft\" title=\"antiquaris barcelona 2011\" src=\"http:\/\/espaieatart.files.wordpress.com\/2011\/03\/antiquaris-blog.jpg\" alt=\"\" width=\"410\" height=\"447\" \/><\/a><\/p>\n","protected":false},"excerpt":{"rendered":"<p>L&#8217;estand de la revista bonart va servir per exposar obra pict\u00f2rica de Llu\u00eds Vil\u00e0, amb motiu de la 35\u00e8 edici\u00f3 &#8230;<\/p>\n","protected":false},"author":1,"featured_media":188,"comment_status":"open","ping_status":"open","sticky":false,"template":"","format":"standard","meta":{"footnotes":""},"categories":[9],"tags":[],"class_list":["post-187","post","type-post","status-publish","format-standard","has-post-thumbnail","hentry","category-historic"],"_links":{"self":[{"href":"http:\/\/fundaciolluiscoromina.org\/index.php\/wp-json\/wp\/v2\/posts\/187","targetHints":{"allow":["GET"]}}],"collection":[{"href":"http:\/\/fundaciolluiscoromina.org\/index.php\/wp-json\/wp\/v2\/posts"}],"about":[{"href":"http:\/\/fundaciolluiscoromina.org\/index.php\/wp-json\/wp\/v2\/types\/post"}],"author":[{"embeddable":true,"href":"http:\/\/fundaciolluiscoromina.org\/index.php\/wp-json\/wp\/v2\/users\/1"}],"replies":[{"embeddable":true,"href":"http:\/\/fundaciolluiscoromina.org\/index.php\/wp-json\/wp\/v2\/comments?post=187"}],"version-history":[{"count":0,"href":"http:\/\/fundaciolluiscoromina.org\/index.php\/wp-json\/wp\/v2\/posts\/187\/revisions"}],"wp:attachment":[{"href":"http:\/\/fundaciolluiscoromina.org\/index.php\/wp-json\/wp\/v2\/media?parent=187"}],"wp:term":[{"taxonomy":"category","embeddable":true,"href":"http:\/\/fundaciolluiscoromina.org\/index.php\/wp-json\/wp\/v2\/categories?post=187"},{"taxonomy":"post_tag","embeddable":true,"href":"http:\/\/fundaciolluiscoromina.org\/index.php\/wp-json\/wp\/v2\/tags?post=187"}],"curies":[{"name":"wp","href":"https:\/\/api.w.org\/{rel}","templated":true}]}}