{"id":1871,"date":"2014-04-11T19:33:22","date_gmt":"2014-04-11T19:33:22","guid":{"rendered":"http:\/\/fundaciolluiscoromina.org\/?p=1871"},"modified":"2014-04-11T19:33:22","modified_gmt":"2014-04-11T19:33:22","slug":"dia-internacional-de-lart-accio-el-rec-nou-dema-a-les-12h-monestir-de-sant-esteve","status":"publish","type":"post","link":"http:\/\/fundaciolluiscoromina.org\/index.php\/2014\/04\/11\/dia-internacional-de-lart-accio-el-rec-nou-dema-a-les-12h-monestir-de-sant-esteve\/","title":{"rendered":"DIA INTERNACIONAL DE L&#8217;ART &#8211; ACCI\u00d3 \u00abEL REC NOU\u00bb &#8211; DEM\u00c0 A LES 12H \/ MONESTIR DE SANT ESTEVE"},"content":{"rendered":"<p><span class=\"userContent\"><strong><em>Dem\u00e0<\/em><\/strong> celebrem el <strong>Dia Internacional de l&#8217;Art<\/strong> i ho fem amb una acci\u00f3 participativa titulada \u00ab<strong>El Rec Nou<\/strong>\u00ab.<\/p>\n<p><em><strong> Inici i lloc de convocat\u00f2ria<\/strong><\/em><br \/> L&#8217;acci\u00f3 comen\u00e7ar\u00e0 a les <em><strong>12-12:15h<\/strong><\/em> del mat\u00ed davant del monestir de <em>Sant Esteve<\/em> i acabar\u00e0 a les 13:15h davant de l&#8217;Estany. <\/p>\n<p> <strong><em>Per on passarem?<\/em><\/strong><br \/> El recorregut passar\u00e0 per davant del Museu Arqueol\u00f2gic, la llotja el Tint i l&#8217;Espai Eat Art &#8211; Fundaci<span class=\"text_exposed_show\">\u00f3 Llu\u00eds Coromina<br \/> i llavors enfilarem la pla\u00e7a de les rodes i estany.<\/p>\n<p> <em><strong>Qu\u00e8 farem?<\/strong><\/em><br \/> Omplirem un parell de galledes d&#8217;aigua i les anirem transportant entre tots fins a l&#8217;estany. <br \/> I davant de cada centre d&#8217;art ens aturarem i regarem una mica l&#8217;espai per fer cr\u00e9ixer la cultura.<br \/> Quan arribem a l&#8217;estany tornarem l&#8217;aigua de Sant Esteve a l&#8217;estany<\/p>\n<p> <strong><em>Objectius<\/em><\/strong><br \/> 1) la import\u00e0ncia de l\u2019aigua a nivell local i global<br \/> simb\u00f2licament, ja que quotidianament hem extret recursos de l\u2019estany, amb aquesta acci\u00f3 fem un reconeixement simb\u00f2lic a aquest important ecosistema i li tornem l\u2019aigua que ens \u00e9s font de vida i coneixement.<\/p>\n<p> 2) la import\u00e0ncia estrat\u00e8gica de vincular la Banyoles \u201cinterior\u201d amb la Banyoles de l\u2019Estany <\/p>\n<p> 3) la import\u00e0ncia de l\u2019art i la creaci\u00f3 com a mecanisme per fer reflexionar \u00e8tica i est\u00e8ticament a les societats. <\/p>\n<p> <strong><em>Futurs<\/em><\/strong><br \/> Tot l\u2019esdeveniment vol acabar amb una exposici\u00f3 amb tota la documentaci\u00f3 recopilada per tots els participants.<\/p>\n<p><strong><em>Hi pot participar tothom<\/em><\/strong> <br \/><\/span><\/span><\/p>\n","protected":false},"excerpt":{"rendered":"<p>Dem\u00e0 celebrem el Dia Internacional de l&#8217;Art i ho fem amb una acci\u00f3 participativa titulada \u00abEl Rec Nou\u00ab. Inici i &#8230;<\/p>\n","protected":false},"author":1,"featured_media":0,"comment_status":"open","ping_status":"open","sticky":false,"template":"","format":"standard","meta":{"footnotes":""},"categories":[9],"tags":[],"class_list":["post-1871","post","type-post","status-publish","format-standard","hentry","category-historic"],"_links":{"self":[{"href":"http:\/\/fundaciolluiscoromina.org\/index.php\/wp-json\/wp\/v2\/posts\/1871","targetHints":{"allow":["GET"]}}],"collection":[{"href":"http:\/\/fundaciolluiscoromina.org\/index.php\/wp-json\/wp\/v2\/posts"}],"about":[{"href":"http:\/\/fundaciolluiscoromina.org\/index.php\/wp-json\/wp\/v2\/types\/post"}],"author":[{"embeddable":true,"href":"http:\/\/fundaciolluiscoromina.org\/index.php\/wp-json\/wp\/v2\/users\/1"}],"replies":[{"embeddable":true,"href":"http:\/\/fundaciolluiscoromina.org\/index.php\/wp-json\/wp\/v2\/comments?post=1871"}],"version-history":[{"count":0,"href":"http:\/\/fundaciolluiscoromina.org\/index.php\/wp-json\/wp\/v2\/posts\/1871\/revisions"}],"wp:attachment":[{"href":"http:\/\/fundaciolluiscoromina.org\/index.php\/wp-json\/wp\/v2\/media?parent=1871"}],"wp:term":[{"taxonomy":"category","embeddable":true,"href":"http:\/\/fundaciolluiscoromina.org\/index.php\/wp-json\/wp\/v2\/categories?post=1871"},{"taxonomy":"post_tag","embeddable":true,"href":"http:\/\/fundaciolluiscoromina.org\/index.php\/wp-json\/wp\/v2\/tags?post=1871"}],"curies":[{"name":"wp","href":"https:\/\/api.w.org\/{rel}","templated":true}]}}