{"id":1877,"date":"2014-04-15T14:47:32","date_gmt":"2014-04-15T14:47:32","guid":{"rendered":"http:\/\/fundaciolluiscoromina.org\/?p=1877"},"modified":"2014-04-15T14:47:32","modified_gmt":"2014-04-15T14:47:32","slug":"dialeg-entre-art-i-gastronomina-xavier-escriba-ca-larpa-dema-16-dabril-a-les-19h-inauguracio","status":"publish","type":"post","link":"http:\/\/fundaciolluiscoromina.org\/index.php\/2014\/04\/15\/dialeg-entre-art-i-gastronomina-xavier-escriba-ca-larpa-dema-16-dabril-a-les-19h-inauguracio\/","title":{"rendered":"Di\u00e0leg entre art i gastronomina (Xavier Escrib\u00e0 + Ca l&#8217;Arpa) dem\u00e0 16 d&#8217;abril a les 19h inauguraci\u00f3 Espai Eat Art"},"content":{"rendered":"<p><a href=\"http:\/\/espaieatart.files.wordpress.com\/2014\/04\/image001.jpg\"><img decoding=\"async\" id=\"i-1876\" class=\"size-full wp-image\" src=\"http:\/\/espaieatart.files.wordpress.com\/2014\/04\/image001.jpg?w=650\" alt=\"Imatge\" \/><\/a><\/p>\n<div dir=\"ltr\" style=\"font-size:8.4px;font-family:sans-serif;left:33.6px;top:31.7752px;transform:rotate(0deg) scale(0.993288,1);transform-origin:0 0 0;\">Que aix\u00f2 no \u00e9s una exposici\u00f3 convencional, queda bastant pal\u00e8s<\/div>\n<div dir=\"ltr\" style=\"font-size:8.4px;font-family:sans-serif;left:33.6px;top:43.9048px;transform:rotate(0deg) scale(0.982787,1);transform-origin:0 0 0;\">quan es mira amb retrospectiva tota la documentaci\u00f3 desglossada en<\/div>\n<div dir=\"ltr\" style=\"font-size:8.4px;font-family:sans-serif;left:33.6px;top:56.0344px;transform:rotate(0deg) scale(0.985896,1);transform-origin:0 0 0;\">aquest opuscle i en l\u2019exposici\u00f3 derivada que ara presentem sota el t\u00edtol<\/div>\n<div dir=\"ltr\" style=\"font-size:8.4px;font-family:sans-serif;left:33.6px;top:68.164px;transform:rotate(0deg) scale(0.988058,1);transform-origin:0 0 0;\">\u201cI per postres? Hiperpostres\u201d. I malgrat que no hem inventat la sopa<\/div>\n<div dir=\"ltr\" style=\"font-size:8.4px;font-family:sans-serif;left:33.6px;top:80.2936px;transform:rotate(0deg) scale(1.00166,1);transform-origin:0 0 0;\">d\u2019all, ens agrada donar noves din\u00e0miques a l\u2019espai eat art &#8211; fundaci\u00f3<\/div>\n<div dir=\"ltr\" style=\"font-size:8.4px;font-family:sans-serif;left:33.6px;top:92.4232px;transform:rotate(0deg) scale(0.986443,1);transform-origin:0 0 0;\">llu\u00eds coromina que durant m\u00e9s de tres anys ha acollit, fins i tot, la<\/div>\n<div dir=\"ltr\" style=\"font-size:8.4px;font-family:sans-serif;left:33.6px;top:104.553px;transform:rotate(0deg) scale(0.99134,1);transform-origin:0 0 0;\">recreaci\u00f3 d\u2019un restaurant. I \u00e9s que la din\u00e0mica del fet contemporani<\/div>\n<div dir=\"ltr\" style=\"font-size:8.4px;font-family:sans-serif;left:33.6px;top:116.682px;transform:rotate(0deg) scale(0.981759,1);transform-origin:0 0 0;\">sap que, en el proc\u00e9s de construcci\u00f3 de les idees i dels objectes, hi<\/div>\n<div dir=\"ltr\" style=\"font-size:8.4px;font-family:sans-serif;left:33.6px;top:128.812px;transform:rotate(0deg) scale(0.986505,1);transform-origin:0 0 0;\">rau tanta import\u00e0ncia com en el resultat final. El cam\u00ed, el proc\u00e9s com<\/div>\n<div dir=\"ltr\" style=\"font-size:8.4px;font-family:sans-serif;left:33.6px;top:140.942px;transform:rotate(0deg) scale(1.00241,1);transform-origin:0 0 0;\">a aprenentatge i com a obra d\u2019art. Nosaltres, per\u00f2, hem volgut que<\/div>\n<div dir=\"ltr\" style=\"font-size:8.4px;font-family:sans-serif;left:33.6px;top:153.071px;transform:rotate(0deg) scale(0.972972,1);transform-origin:0 0 0;\">tan el proc\u00e9s com el resultat final es donessin la m\u00e0 cohesionant dues<\/div>\n<div dir=\"ltr\" style=\"font-size:8.4px;font-family:sans-serif;left:33.6px;top:165.201px;transform:rotate(0deg) scale(0.979452,1);transform-origin:0 0 0;\">tradicions de la contemporane\u00eftat art\u00edstica. Per aquest motiu, convidem<\/div>\n<div dir=\"ltr\" style=\"font-size:8.4px;font-family:sans-serif;left:33.6px;top:177.33px;transform:rotate(0deg) scale(0.977246,1);transform-origin:0 0 0;\">a Xavier Escrib\u00e0 a instal\u00b7lar-se durant els mesos de febrer i mar\u00e7 a dins<\/div>\n<div dir=\"ltr\" style=\"font-size:8.4px;font-family:sans-serif;left:33.6px;top:189.46px;transform:rotate(0deg) scale(0.98511,1);transform-origin:0 0 0;\">la pr\u00f2pia sala d\u2019exposicions, posant al descobert les seves intimitats.<\/div>\n<div dir=\"ltr\" style=\"font-size:8.4px;font-family:sans-serif;left:33.6px;top:201.59px;transform:rotate(0deg) scale(0.976679,1);transform-origin:0 0 0;\">Una manera de fer que t\u00e9 precedents recents, com quan l\u2019artista Evru<\/div>\n<div dir=\"ltr\" style=\"font-size:8.4px;font-family:sans-serif;left:33.6px;top:213.719px;transform:rotate(0deg) scale(0.995663,1);transform-origin:0 0 0;\">va ocupar el Macba o el propi periple que est\u00e0 desenvolupant Escrib\u00e0<\/div>\n<div dir=\"ltr\" style=\"font-size:8.4px;font-family:sans-serif;left:33.6px;top:225.849px;transform:rotate(0deg) scale(0.98478,1);transform-origin:0 0 0;\">i que ja l\u2019ha condu\u00eft per diferents museus i centres de Catalunya per<\/div>\n<div dir=\"ltr\" style=\"font-size:8.4px;font-family:sans-serif;left:33.6px;top:237.978px;transform:rotate(0deg) scale(0.982123,1);transform-origin:0 0 0;\">instal\u00b7lar-s\u2019hi, obrint l\u2019estudi en un acte de nomadisme ben ent\u00e8s i de<\/div>\n<div dir=\"ltr\" style=\"font-size:8.4px;font-family:sans-serif;left:33.6px;top:250.108px;transform:rotate(0deg) scale(0.977583,1);transform-origin:0 0 0;\">despullament, sense complexos de la seva manera de treballar. Un<\/div>\n<div dir=\"ltr\" style=\"font-size:8.4px;font-family:sans-serif;left:33.6px;top:262.238px;transform:rotate(0deg) scale(1.00711,1);transform-origin:0 0 0;\">manera de fer que indaga i experimenta amb la pintura fins a arribar<\/div>\n<div dir=\"ltr\" style=\"font-size:8.4px;font-family:sans-serif;left:33.6px;top:274.367px;transform:rotate(0deg) scale(0.996549,1);transform-origin:0 0 0;\">al punt d\u2019eliminar el marc i el bastidor alliberant-se aix\u00ed dels l\u00edmits de la<\/div>\n<div dir=\"ltr\" style=\"font-size:8.4px;font-family:sans-serif;left:33.6px;top:286.497px;transform:rotate(0deg) scale(0.994039,1);transform-origin:0 0 0;\">composici\u00f3 tradicional. L\u2019artista no concep la tela com a suport o base<\/div>\n<div dir=\"ltr\" style=\"font-size:8.4px;font-family:sans-serif;left:33.6px;top:298.626px;transform:rotate(0deg) scale(0.995722,1);transform-origin:0 0 0;\">sobre la qual \u00fanicament pintar, sin\u00f3 com un cos viu i voluble, i defuig<\/div>\n<div dir=\"ltr\" style=\"font-size:8.4px;font-family:sans-serif;left:33.6px;top:310.756px;transform:rotate(0deg) scale(1.02636,1);transform-origin:0 0 0;\">la noci\u00f3 d\u2019obra pict\u00f2rica com a finestra. Aix\u00ed, doblega i gira la tela, la<\/div>\n<div dir=\"ltr\" style=\"font-size:8.4px;font-family:sans-serif;left:33.6px;top:322.886px;transform:rotate(0deg) scale(0.967881,1);transform-origin:0 0 0;\">desconstrueix despr\u00e9s d\u2019haver-la constru\u00eft i la transforma tot sovint en<\/div>\n<div dir=\"ltr\" style=\"font-size:8.4px;font-family:sans-serif;left:33.6px;top:335.015px;transform:rotate(0deg) scale(0.931939,1);transform-origin:0 0 0;\">escultures.<\/div>\n<div dir=\"ltr\" style=\"font-size:8.4px;font-family:sans-serif;left:33.6px;top:359.283px;transform:rotate(0deg) scale(0.986852,1);transform-origin:0 0 0;\">Fins aquest moment l\u2019Art s\u2019evidencia i, a m\u00e9s, ho fa amb un artista de<\/div>\n<div dir=\"ltr\" style=\"font-size:8.4px;font-family:sans-serif;left:33.6px;top:371.412px;transform:rotate(0deg) scale(1.00052,1);transform-origin:0 0 0;\">primer nivell catal\u00e0, amb enorme projecci\u00f3, i fent que crei una nova<\/div>\n<div dir=\"ltr\" style=\"font-size:8.4px;font-family:sans-serif;left:33.6px;top:383.542px;transform:rotate(0deg) scale(0.97923,1);transform-origin:0 0 0;\">casa-taller en un espai que normalment \u00e9s de tr\u00e0nsit. I si b\u00e9 l\u2019Art \u00e9s o<\/div>\n<div dir=\"ltr\" style=\"font-size:8.4px;font-family:sans-serif;left:33.6px;top:395.672px;transform:rotate(0deg) scale(0.987884,1);transform-origin:0 0 0;\">potser aliment per l\u2019\u00e0nima, on \u00e9s la relaci\u00f3 amb Eat m\u00e9s gastron\u00f2mic,<\/div>\n<div dir=\"ltr\" style=\"font-size:8.4px;font-family:sans-serif;left:33.6px;top:407.801px;transform:rotate(0deg) scale(0.973342,1);transform-origin:0 0 0;\">el que fa especial aquest centre banyol\u00ed? En aquest punt \u00e9s on entren a<\/div>\n<div dir=\"ltr\" style=\"font-size:8.4px;font-family:sans-serif;left:33.6px;top:419.931px;transform:rotate(0deg) scale(1.00328,1);transform-origin:0 0 0;\">la platea el cuiner Pere Arpa \u2013a banda, llicenciat en arts\u2013 i la fot\u00f2grafa<\/div>\n<div dir=\"ltr\" style=\"font-size:8.4px;font-family:sans-serif;left:33.6px;top:432.06px;transform:rotate(0deg) scale(0.990212,1);transform-origin:0 0 0;\">Montse Lao, un matrimoni que regenta el restaurant Ca l\u2019Arpa, amb<\/div>\n<div dir=\"ltr\" style=\"font-size:8.4px;font-family:sans-serif;left:349.228px;top:31.7752px;transform:rotate(0deg) scale(0.993418,1);transform-origin:0 0 0;\">una estrella Michelin. Un luxe i un m\u00e8rit d\u2019espai que Banyoles i la<\/div>\n<div dir=\"ltr\" style=\"font-size:8.4px;font-family:sans-serif;left:349.228px;top:43.9048px;transform:rotate(0deg) scale(0.987169,1);transform-origin:0 0 0;\">comarca t\u00e9 com a referent culinari. Un local que est\u00e0 acostumat a relatar<\/div>\n<div dir=\"ltr\" style=\"font-size:8.4px;font-family:sans-serif;left:349.228px;top:56.0344px;transform:rotate(0deg) scale(0.987338,1);transform-origin:0 0 0;\">el menjar elevat a la categoria d\u2019art ef\u00edmer, tot trencant les normes<\/div>\n<div dir=\"ltr\" style=\"font-size:8.4px;font-family:sans-serif;left:349.228px;top:68.164px;transform:rotate(0deg) scale(0.985196,1);transform-origin:0 0 0;\">establertes, com ho han fet elbulli o el celler de can roca, els altres<\/div>\n<div dir=\"ltr\" style=\"font-size:8.4px;font-family:sans-serif;left:349.228px;top:80.2936px;transform:rotate(0deg) scale(0.97566,1);transform-origin:0 0 0;\">dos restaurants de refer\u00e8ncia que han passat per les sales de l\u2019espai<\/div>\n<div dir=\"ltr\" style=\"font-size:8.4px;font-family:sans-serif;left:349.228px;top:92.4232px;transform:rotate(0deg) scale(0.965641,1);transform-origin:0 0 0;\">eat art. En els seus casos, el maridatge va ser entre escultura, disseny<\/div>\n<div dir=\"ltr\" style=\"font-size:8.4px;font-family:sans-serif;left:349.228px;top:104.553px;transform:rotate(0deg) scale(0.986011,1);transform-origin:0 0 0;\">industrial i gastronomia. Doncs b\u00e9, Pere Arpa i Montse Lao \u2013que ha<\/div>\n<div dir=\"ltr\" style=\"font-size:8.4px;font-family:sans-serif;left:349.228px;top:116.682px;transform:rotate(0deg) scale(0.99213,1);transform-origin:0 0 0;\">fet un acurat seguiment del proc\u00e9s de treball amb la fotografia com a<\/div>\n<div dir=\"ltr\" style=\"font-size:8.4px;font-family:sans-serif;left:349.228px;top:128.812px;transform:rotate(0deg) scale(0.990519,1);transform-origin:0 0 0;\">mitj\u00e0\u2013 han hagut d\u2019introduir-se en l\u2019imaginari de Xavier Escrib\u00e0 i, m\u00e9s<\/div>\n<div dir=\"ltr\" style=\"font-size:8.4px;font-family:sans-serif;left:349.228px;top:140.942px;transform:rotate(0deg) scale(0.979743,1);transform-origin:0 0 0;\">escadusserament, Escrib\u00e0 en el d\u2019ells. \u201cEl projecte es construir\u00e0 a partir<\/div>\n<div dir=\"ltr\" style=\"font-size:8.4px;font-family:sans-serif;left:349.228px;top:153.071px;transform:rotate(0deg) scale(0.985356,1);transform-origin:0 0 0;\">del di\u00e0leg. \u00c9s un proc\u00e9s misteri\u00f3s. No ens coneix\u00edem abans i fins al<\/div>\n<div dir=\"ltr\" style=\"font-size:8.4px;font-family:sans-serif;left:349.228px;top:165.201px;transform:rotate(0deg) scale(0.998699,1);transform-origin:0 0 0;\">final no sabrem el resultat. Si alguna cosa es pot dir, es dir\u00e0 al final, la<\/div>\n<div dir=\"ltr\" style=\"font-size:8.4px;font-family:sans-serif;left:349.228px;top:177.33px;transform:rotate(0deg) scale(0.991752,1);transform-origin:0 0 0;\">curiositat marca el cam\u00ed\u201d, expliquen els protagonistes de la hist\u00f2ria.<\/div>\n<div dir=\"ltr\" style=\"font-size:8.4px;font-family:sans-serif;left:349.228px;top:201.598px;transform:rotate(0deg) scale(0.979278,1);transform-origin:0 0 0;\">I el resultat ha estat celebrar l\u2019abril de Setmana Santa amb unes<\/div>\n<div dir=\"ltr\" style=\"font-size:8.4px;font-family:sans-serif;left:349.228px;top:213.728px;transform:rotate(0deg) scale(0.982364,1);transform-origin:0 0 0;\">minimones de pascua en forma de dol\u00e7os: obres d\u2019art comestibles<\/div>\n<div dir=\"ltr\" style=\"font-size:8.4px;font-family:sans-serif;left:349.228px;top:225.857px;transform:rotate(0deg) scale(0.963917,1);transform-origin:0 0 0;\">basades en els colors, les textures i les densitats de les pintures i<\/div>\n<div dir=\"ltr\" style=\"font-size:8.4px;font-family:sans-serif;left:349.228px;top:237.987px;transform:rotate(0deg) scale(0.978297,1);transform-origin:0 0 0;\">\u201cescultures\u201d de Xavier Escrib\u00e0, que sempre diu en veu alta que hagu\u00e8s<\/div>\n<div dir=\"ltr\" style=\"font-size:8.4px;font-family:sans-serif;left:349.228px;top:250.116px;transform:rotate(0deg) scale(0.982757,1);transform-origin:0 0 0;\">volgut ser cuiner \u2013el seu cognom, ni que sigui per casualitat, t\u00e9 refer\u00e8ncia<\/div>\n<div dir=\"ltr\" style=\"font-size:8.4px;font-family:sans-serif;left:349.228px;top:262.246px;transform:rotate(0deg) scale(0.992939,1);transform-origin:0 0 0;\">al m\u00f3n de l\u2019alta pastisseria\u2013 i que si d\u2019algun gust o categoria s\u00f3n els<\/div>\n<div dir=\"ltr\" style=\"font-size:8.4px;font-family:sans-serif;left:349.228px;top:274.376px;transform:rotate(0deg) scale(0.971345,1);transform-origin:0 0 0;\">seus artefactes creatius, de saturat i punyent cromatisme i estratificada<\/div>\n<div dir=\"ltr\" style=\"font-size:8.4px;font-family:sans-serif;left:349.228px;top:286.505px;transform:rotate(0deg) scale(0.980286,1);transform-origin:0 0 0;\">composici\u00f3, \u00e9s dins el m\u00f3n de les postres i els dol\u00e7os. Aix\u00ed es posa<\/div>\n<div dir=\"ltr\" style=\"font-size:8.4px;font-family:sans-serif;left:349.228px;top:298.635px;transform:rotate(0deg) scale(0.991841,1);transform-origin:0 0 0;\">de manifest a la mostra, amb un graffiti d\u2019en Pere Arpa glossant la<\/div>\n<div dir=\"ltr\" style=\"font-size:8.4px;font-family:sans-serif;left:349.228px;top:310.764px;transform:rotate(0deg) scale(0.984747,1);transform-origin:0 0 0;\">construcci\u00f3 del dol\u00e7 d\u2019art i on intencionadament volem que les fronteres<\/div>\n<div dir=\"ltr\" style=\"font-size:8.4px;font-family:sans-serif;left:349.228px;top:322.894px;transform:rotate(0deg) scale(0.99072,1);transform-origin:0 0 0;\">entre art i gastronomia desapareixin. I perqu\u00e8 no, menjar-se una obra<\/div>\n<div dir=\"ltr\" style=\"font-size:8.4px;font-family:sans-serif;left:349.228px;top:335.024px;transform:rotate(0deg) scale(0.998919,1);transform-origin:0 0 0;\">d\u2019art, com Antoni Miralda o un altre referent de l\u2019eat art, Llu\u00eds Vil\u00e0, ens<\/div>\n<div dir=\"ltr\" style=\"font-size:8.4px;font-family:sans-serif;left:349.228px;top:347.153px;transform:rotate(0deg) scale(0.998055,1);transform-origin:0 0 0;\">feia menjar una escultura de pa \u201cLa Maria de les trenes\u201d. Aix\u00ed doncs, I<\/div>\n<div dir=\"ltr\" style=\"font-size:8.4px;font-family:sans-serif;left:349.228px;top:359.283px;transform:rotate(0deg) scale(0.974398,1);transform-origin:0 0 0;\">per postres? en aquesta exposici\u00f3 tindrem uns Hiperpostres de primer<\/div>\n<div dir=\"ltr\" style=\"font-size:8.4px;font-family:sans-serif;left:349.228px;top:371.412px;transform:rotate(0deg) scale(0.98133,1);transform-origin:0 0 0;\">nivell, ens mengem literalment l\u2019Art.<\/div>\n<div dir=\"ltr\" style=\"font-size:8.4px;font-family:sans-serif;left:349.228px;top:371.412px;transform:rotate(0deg) scale(0.98133,1);transform-origin:0 0 0;\"><\/div>\n<div dir=\"ltr\" style=\"font-size:8.4px;font-family:sans-serif;left:349.228px;top:371.412px;transform:rotate(0deg) scale(0.98133,1);transform-origin:0 0 0;\"><a href=\"http:\/\/espaieatart.files.wordpress.com\/2014\/04\/captura-de-pantalla-2014-04-15-a-les-16-47-03.png\"><img decoding=\"async\" id=\"i-1880\" class=\"size-full wp-image\" src=\"http:\/\/espaieatart.files.wordpress.com\/2014\/04\/captura-de-pantalla-2014-04-15-a-les-16-47-03.png?w=640\" alt=\"Imatge\" \/><\/a><\/div>\n","protected":false},"excerpt":{"rendered":"<p>Que aix\u00f2 no \u00e9s una exposici\u00f3 convencional, queda bastant pal\u00e8s quan es mira amb retrospectiva tota la documentaci\u00f3 desglossada en &#8230;<\/p>\n","protected":false},"author":1,"featured_media":0,"comment_status":"open","ping_status":"open","sticky":false,"template":"","format":"standard","meta":{"footnotes":""},"categories":[9],"tags":[],"class_list":["post-1877","post","type-post","status-publish","format-standard","hentry","category-historic"],"_links":{"self":[{"href":"http:\/\/fundaciolluiscoromina.org\/index.php\/wp-json\/wp\/v2\/posts\/1877","targetHints":{"allow":["GET"]}}],"collection":[{"href":"http:\/\/fundaciolluiscoromina.org\/index.php\/wp-json\/wp\/v2\/posts"}],"about":[{"href":"http:\/\/fundaciolluiscoromina.org\/index.php\/wp-json\/wp\/v2\/types\/post"}],"author":[{"embeddable":true,"href":"http:\/\/fundaciolluiscoromina.org\/index.php\/wp-json\/wp\/v2\/users\/1"}],"replies":[{"embeddable":true,"href":"http:\/\/fundaciolluiscoromina.org\/index.php\/wp-json\/wp\/v2\/comments?post=1877"}],"version-history":[{"count":0,"href":"http:\/\/fundaciolluiscoromina.org\/index.php\/wp-json\/wp\/v2\/posts\/1877\/revisions"}],"wp:attachment":[{"href":"http:\/\/fundaciolluiscoromina.org\/index.php\/wp-json\/wp\/v2\/media?parent=1877"}],"wp:term":[{"taxonomy":"category","embeddable":true,"href":"http:\/\/fundaciolluiscoromina.org\/index.php\/wp-json\/wp\/v2\/categories?post=1877"},{"taxonomy":"post_tag","embeddable":true,"href":"http:\/\/fundaciolluiscoromina.org\/index.php\/wp-json\/wp\/v2\/tags?post=1877"}],"curies":[{"name":"wp","href":"https:\/\/api.w.org\/{rel}","templated":true}]}}