{"id":1893,"date":"2014-05-07T12:15:39","date_gmt":"2014-05-07T12:15:39","guid":{"rendered":"http:\/\/fundaciolluiscoromina.org\/?p=1893"},"modified":"2014-05-07T12:15:39","modified_gmt":"2014-05-07T12:15:39","slug":"exposicio-10-raons-per-consumir-comerc-just-a-lespai-eat-art","status":"publish","type":"post","link":"http:\/\/fundaciolluiscoromina.org\/index.php\/2014\/05\/07\/exposicio-10-raons-per-consumir-comerc-just-a-lespai-eat-art\/","title":{"rendered":"Exposici\u00f3 \u201c10 Raons per consumir comer\u00e7 just\u201d a l&#8217;espai eat art"},"content":{"rendered":"<div class=\"link_select\">Una exposici\u00f3 sobre \u201c10 Raons per consumir comer\u00e7 just\u201d s&#8217;inaugura avui a les 20h a l&#8217;espai eat art de la Fundaci\u00f3 Llu\u00eds Coromina de Banyoles amb la col\u00b7laboraci\u00f3 de la botiga de comer\u00e7 just Can Butiny\u00e0. Alguns dels autors que hi participen s\u00f3n Andr\u00e9s R\u00e1bago &#8211; \u2018El Roto\u2019, Pilar\u00edn Bay\u00e9s o Antonio Fraguas Forges, entre altres<\/div>\n<p>Finan\u00e7ada per la AECID, l&#8217;exposici\u00f3 pret\u00e9n il\u00b7lustrar, de forma l\u00facida i cr\u00edtica, cadascun dels deu principis internacionals que caracteritzen el treball de les<br \/>\norganitzacions de Comer\u00e7 Just, resumits en el citat fullet.<br \/>\nD&#8217;aquesta forma, cada ra\u00f3 s&#8217;acompanya d&#8217;una vinyeta o il\u00b7lustraci\u00f3 sobre el concepte enunciat, elaborades per 10 genis de l&#8217;humor gr\u00e0fic que han sabut dibuixar com ning\u00fa, des d&#8217;una mirada que en ocasions constitueix una aut\u00e8ntica c\u00e0rrega de profunditat contra les pr\u00e0ctiques comercials convencionals, les nostres 10 raons per consumir Comer\u00e7 Just.S\u00f3n vinyetes que valen m\u00e9s que mil paraules perqu\u00e8 l&#8217;humor intel\u00b7ligent i la ironia gr\u00e0fica no s\u00f3n cosa de riure, ni tan sols de somriure amable, sin\u00f3 d&#8217;aquest somriure morda\u00e7 que ens treu el cap quan ens indueixen a la reflexi\u00f3 cr\u00edtica. Aquesta que dibuixa idees i interrogants en la nostra ment.<\/p>\n<p>L&#8217;acte es va concloure amb un concert d&#8217;Alfons Encina.<\/p>\n<p><a href=\"http:\/\/fundaciolluiscoromina.org\/wp-content\/uploads\/2014\/05\/COMER\u00c7-JUST-P8.jpg\"><img loading=\"lazy\" decoding=\"async\" class=\"alignnone size-full wp-image-1915\" src=\"http:\/\/fundaciolluiscoromina.org\/wp-content\/uploads\/2014\/05\/COMER\u00c7-JUST-P8.jpg\" alt=\"COMER\u00c7 JUST P8\" width=\"3888\" height=\"2592\" \/><\/a><a href=\"http:\/\/fundaciolluiscoromina.org\/wp-content\/uploads\/2014\/05\/COMERC\u0327-JUST-P1.jpg\"><img loading=\"lazy\" decoding=\"async\" class=\"alignnone size-full wp-image-1916\" src=\"http:\/\/fundaciolluiscoromina.org\/wp-content\/uploads\/2014\/05\/COMERC\u0327-JUST-P1.jpg\" alt=\"COMERC\u0327 JUST P1\" width=\"3888\" height=\"2592\" \/><\/a><a href=\"http:\/\/fundaciolluiscoromina.org\/wp-content\/uploads\/2014\/05\/COMERC\u0327-JUST-P6.jpg\"><img loading=\"lazy\" decoding=\"async\" class=\"alignnone size-full wp-image-1917\" src=\"http:\/\/fundaciolluiscoromina.org\/wp-content\/uploads\/2014\/05\/COMERC\u0327-JUST-P6.jpg\" alt=\"COMERC\u0327 JUST P6\" width=\"3888\" height=\"2592\" \/><\/a><\/p>\n","protected":false},"excerpt":{"rendered":"<p>Una exposici\u00f3 sobre \u201c10 Raons per consumir comer\u00e7 just\u201d s&#8217;inaugura avui a les 20h a l&#8217;espai eat art de la &#8230;<\/p>\n","protected":false},"author":1,"featured_media":1915,"comment_status":"open","ping_status":"open","sticky":false,"template":"","format":"standard","meta":{"footnotes":""},"categories":[10],"tags":[],"class_list":["post-1893","post","type-post","status-publish","format-standard","has-post-thumbnail","hentry","category-activitats"],"_links":{"self":[{"href":"http:\/\/fundaciolluiscoromina.org\/index.php\/wp-json\/wp\/v2\/posts\/1893","targetHints":{"allow":["GET"]}}],"collection":[{"href":"http:\/\/fundaciolluiscoromina.org\/index.php\/wp-json\/wp\/v2\/posts"}],"about":[{"href":"http:\/\/fundaciolluiscoromina.org\/index.php\/wp-json\/wp\/v2\/types\/post"}],"author":[{"embeddable":true,"href":"http:\/\/fundaciolluiscoromina.org\/index.php\/wp-json\/wp\/v2\/users\/1"}],"replies":[{"embeddable":true,"href":"http:\/\/fundaciolluiscoromina.org\/index.php\/wp-json\/wp\/v2\/comments?post=1893"}],"version-history":[{"count":0,"href":"http:\/\/fundaciolluiscoromina.org\/index.php\/wp-json\/wp\/v2\/posts\/1893\/revisions"}],"wp:attachment":[{"href":"http:\/\/fundaciolluiscoromina.org\/index.php\/wp-json\/wp\/v2\/media?parent=1893"}],"wp:term":[{"taxonomy":"category","embeddable":true,"href":"http:\/\/fundaciolluiscoromina.org\/index.php\/wp-json\/wp\/v2\/categories?post=1893"},{"taxonomy":"post_tag","embeddable":true,"href":"http:\/\/fundaciolluiscoromina.org\/index.php\/wp-json\/wp\/v2\/tags?post=1893"}],"curies":[{"name":"wp","href":"https:\/\/api.w.org\/{rel}","templated":true}]}}