{"id":1920,"date":"2014-05-29T10:49:46","date_gmt":"2014-05-29T10:49:46","guid":{"rendered":"http:\/\/fundaciolluiscoromina.org\/?p=1920"},"modified":"2014-05-29T10:49:46","modified_gmt":"2014-05-29T10:49:46","slug":"lart-del-bonsai-a-lespai-eat-art-dema-a-les-19h","status":"publish","type":"post","link":"http:\/\/fundaciolluiscoromina.org\/index.php\/2014\/05\/29\/lart-del-bonsai-a-lespai-eat-art-dema-a-les-19h\/","title":{"rendered":"L&#8217;art del Bonsai a l&#8217;Espai Eat Art dem\u00e0 a les 19h"},"content":{"rendered":"<p>Dins els actes de l&#8217;exposici\u00f3 de Flors de Banyoles, la Fundaci\u00f3 Llu\u00eds Coromina en el seu Espai Eat Art inaugura dem\u00e0 a les 19h una mostra de bonsai, gr\u00e0cies a la col\u00b7laboraci\u00f3 del grup de Bonsai del Pla de l&#8217;Estany. Hi participen cultivadors del Pla de l&#8217;Estany i de la resta de Catalunya i s&#8217;exhibiran petites joies de l&#8217;art floral durant dos dies, dissabte 31 de maig i diumenge 1 de juny amb jornada intensiva. De 10 a 14h i de 16 a 20h.<\/p>\n<p>Aix\u00ed mateix, es dur\u00e0 a terme un concert de Gongs de Dilyana Dakini Gong.<\/p>\n<p>Un bonsai no \u00e9s una planta gen\u00e8ticament empetitida, sin\u00f3 un arbre normal i corrent el qual es mant\u00e9 petit en podar-li les branques i arrels, i mantenir-lo dintre d&#8217;un volum redu\u00eft de terra. Un bonsai mantingut correctament sobreviur\u00e0 a un arbre normal de la mateixa esp\u00e8cie. Tot i aix\u00f2, el bonsai necessita moltes atencions. El bonsai acostuma a exposar-se en un <a title=\"Tokonoma\" href=\"http:\/\/ca.wikipedia.org\/wiki\/Tokonoma\">tokonoma<\/a>, acompanyat d&#8217;un mural desplegable (<a title=\"Kakemono\" href=\"http:\/\/ca.wikipedia.org\/wiki\/Kakemono\">kakemono<\/a>) i\/o un arranjament floral (<a title=\"Ikebana\" href=\"http:\/\/ca.wikipedia.org\/wiki\/Ikebana\">ikebana<\/a>), una planta (<a title=\"Kusamono\" href=\"http:\/\/ca.wikipedia.org\/wiki\/Kusamono\">kusamono<\/a>), o una roca (<a title=\"Suiseki\" href=\"http:\/\/ca.wikipedia.org\/wiki\/Suiseki\">suiseki<\/a>).<\/p>\n<p>La t\u00e8cnica per al cultiu del bonsai neix a l&#8217;antiga <a title=\"Xina\" href=\"http:\/\/ca.wikipedia.org\/wiki\/Xina\">Xina<\/a>, i tot i que no est\u00e0 desvetllat clarament el seu origen, es troben les primeres refer\u00e8ncies arqueol\u00f2giques sobre el cultiu de plantes en recipients al voltant del <a title=\"2000\" href=\"http:\/\/ca.wikipedia.org\/wiki\/2000\">2000<\/a> aC a la Xina, <a title=\"Egipte\" href=\"http:\/\/ca.wikipedia.org\/wiki\/Egipte\">Egipte<\/a> i <a title=\"P\u00e8rsia\" href=\"http:\/\/ca.wikipedia.org\/wiki\/P%C3%A8rsia\">P\u00e8rsia<\/a>.<\/p>\n<p><a href=\"http:\/\/fundaciolluiscoromina.org\/wp-content\/uploads\/2014\/05\/exposicio-bonsai-2.jpg\"><img loading=\"lazy\" decoding=\"async\" class=\"alignnone size-full wp-image-1924\" src=\"http:\/\/fundaciolluiscoromina.org\/wp-content\/uploads\/2014\/05\/exposicio-bonsai-2.jpg\" alt=\"exposicio-bonsai-2\" width=\"800\" height=\"343\" \/><\/a><\/p>\n","protected":false},"excerpt":{"rendered":"<p>Dins els actes de l&#8217;exposici\u00f3 de Flors de Banyoles, la Fundaci\u00f3 Llu\u00eds Coromina en el seu Espai Eat Art inaugura &#8230;<\/p>\n","protected":false},"author":1,"featured_media":1924,"comment_status":"closed","ping_status":"closed","sticky":false,"template":"","format":"standard","meta":{"footnotes":""},"categories":[10],"tags":[],"class_list":["post-1920","post","type-post","status-publish","format-standard","has-post-thumbnail","hentry","category-activitats"],"_links":{"self":[{"href":"http:\/\/fundaciolluiscoromina.org\/index.php\/wp-json\/wp\/v2\/posts\/1920","targetHints":{"allow":["GET"]}}],"collection":[{"href":"http:\/\/fundaciolluiscoromina.org\/index.php\/wp-json\/wp\/v2\/posts"}],"about":[{"href":"http:\/\/fundaciolluiscoromina.org\/index.php\/wp-json\/wp\/v2\/types\/post"}],"author":[{"embeddable":true,"href":"http:\/\/fundaciolluiscoromina.org\/index.php\/wp-json\/wp\/v2\/users\/1"}],"replies":[{"embeddable":true,"href":"http:\/\/fundaciolluiscoromina.org\/index.php\/wp-json\/wp\/v2\/comments?post=1920"}],"version-history":[{"count":0,"href":"http:\/\/fundaciolluiscoromina.org\/index.php\/wp-json\/wp\/v2\/posts\/1920\/revisions"}],"wp:attachment":[{"href":"http:\/\/fundaciolluiscoromina.org\/index.php\/wp-json\/wp\/v2\/media?parent=1920"}],"wp:term":[{"taxonomy":"category","embeddable":true,"href":"http:\/\/fundaciolluiscoromina.org\/index.php\/wp-json\/wp\/v2\/categories?post=1920"},{"taxonomy":"post_tag","embeddable":true,"href":"http:\/\/fundaciolluiscoromina.org\/index.php\/wp-json\/wp\/v2\/tags?post=1920"}],"curies":[{"name":"wp","href":"https:\/\/api.w.org\/{rel}","templated":true}]}}