{"id":1927,"date":"2014-06-03T06:35:26","date_gmt":"2014-06-03T06:35:26","guid":{"rendered":"http:\/\/fundaciolluiscoromina.org\/?p=1927"},"modified":"2014-06-03T06:35:26","modified_gmt":"2014-06-03T06:35:26","slug":"presentacio-de-lescultura-sonora-de-jordi-tolosa-divendres-6-de-juny-a-les-19h-a-el-puntal","status":"publish","type":"post","link":"http:\/\/fundaciolluiscoromina.org\/index.php\/2014\/06\/03\/presentacio-de-lescultura-sonora-de-jordi-tolosa-divendres-6-de-juny-a-les-19h-a-el-puntal\/","title":{"rendered":"Presentaci\u00f3 de l&#8217;escultura sonora de Jordi Tolosa divendres 6 de juny a les 19:30h a El Puntal"},"content":{"rendered":"<p>L&#8217;artista Jordi Tolosa presenta aquest divendres dia 6 de juny, a les 19:30h a El Puntal, l&#8217;escultura sonora \u00abFour horizon\u00bb, dins les activitats paral\u00b7leles del Festival de la Veu de Banyoles &#8211; (a)ph\u00f2nica. L&#8217;obra s&#8217;ha realitzat amb la participaci\u00f3 del poeta Carles Duarte i dels artistes visuals Albarr\u00e1n-Cabrera, Albert Bayona i Yurian Quintanas.<\/p>\n<p><a href=\"http:\/\/fundaciolluiscoromina.org\/wp-content\/uploads\/2014\/06\/IDtolosaesculturamusical1.jpg\"><img loading=\"lazy\" decoding=\"async\" class=\"alignnone size-full wp-image-1928\" src=\"http:\/\/fundaciolluiscoromina.org\/wp-content\/uploads\/2014\/06\/IDtolosaesculturamusical1.jpg\" alt=\"IDtolosaesculturamusical1\" width=\"772\" height=\"516\" \/><\/a><\/p>\n","protected":false},"excerpt":{"rendered":"<p>L&#8217;artista Jordi Tolosa presenta aquest divendres dia 6 de juny, a les 19:30h a El Puntal, l&#8217;escultura sonora \u00abFour horizon\u00bb, &#8230;<\/p>\n","protected":false},"author":1,"featured_media":1928,"comment_status":"closed","ping_status":"closed","sticky":false,"template":"","format":"standard","meta":{"footnotes":""},"categories":[10],"tags":[95,96,97,98,99,100,101],"class_list":["post-1927","post","type-post","status-publish","format-standard","has-post-thumbnail","hentry","category-activitats","tag-albarran-cabrera","tag-albert-bayona","tag-aphonica","tag-carles-duarte","tag-escultura-sonora","tag-jordi-tolosa","tag-yurian-quintanas"],"_links":{"self":[{"href":"http:\/\/fundaciolluiscoromina.org\/index.php\/wp-json\/wp\/v2\/posts\/1927","targetHints":{"allow":["GET"]}}],"collection":[{"href":"http:\/\/fundaciolluiscoromina.org\/index.php\/wp-json\/wp\/v2\/posts"}],"about":[{"href":"http:\/\/fundaciolluiscoromina.org\/index.php\/wp-json\/wp\/v2\/types\/post"}],"author":[{"embeddable":true,"href":"http:\/\/fundaciolluiscoromina.org\/index.php\/wp-json\/wp\/v2\/users\/1"}],"replies":[{"embeddable":true,"href":"http:\/\/fundaciolluiscoromina.org\/index.php\/wp-json\/wp\/v2\/comments?post=1927"}],"version-history":[{"count":0,"href":"http:\/\/fundaciolluiscoromina.org\/index.php\/wp-json\/wp\/v2\/posts\/1927\/revisions"}],"wp:attachment":[{"href":"http:\/\/fundaciolluiscoromina.org\/index.php\/wp-json\/wp\/v2\/media?parent=1927"}],"wp:term":[{"taxonomy":"category","embeddable":true,"href":"http:\/\/fundaciolluiscoromina.org\/index.php\/wp-json\/wp\/v2\/categories?post=1927"},{"taxonomy":"post_tag","embeddable":true,"href":"http:\/\/fundaciolluiscoromina.org\/index.php\/wp-json\/wp\/v2\/tags?post=1927"}],"curies":[{"name":"wp","href":"https:\/\/api.w.org\/{rel}","templated":true}]}}