{"id":1933,"date":"2014-06-18T09:40:32","date_gmt":"2014-06-18T09:40:32","guid":{"rendered":"http:\/\/fundaciolluiscoromina.org\/?p=1933"},"modified":"2014-06-18T09:40:32","modified_gmt":"2014-06-18T09:40:32","slug":"kiku-mistu-i-soledad-velez-a-la-nostra-programacio-especial-aphonica-2014","status":"publish","type":"post","link":"http:\/\/fundaciolluiscoromina.org\/index.php\/2014\/06\/18\/kiku-mistu-i-soledad-velez-a-la-nostra-programacio-especial-aphonica-2014\/","title":{"rendered":"Kiku Mistu i Soledad V\u00e9lez a la nostra programaci\u00f3 especial Aph\u00f2nica 2014"},"content":{"rendered":"<p><strong>DISSABTE 21 DE JUNY &#8211; 18H<\/strong><br \/>\n<em> <strong>Fundaci\u00f3 Llu\u00eds Coromina &#8211; Espai Eat Art (Pla\u00e7a Major, 33 Banyoles)<\/strong><\/em><br \/>\namb motiu del dia internacional de la m\u00fasica<\/p>\n<p><strong>KIKU MISTU &#8211; PARAPO\u00c8TIC<\/strong><br \/>\nrecital de poesia interpretada del Centre Cultural Imaginari<\/p>\n<p>Una experi\u00e8ncia divertida, histri\u00f2nica, emocionant i did\u00e0ctica per entendre la poesai d&#8217;\u00c0ngel Guimer\u00e0, Antonio Machado, Arthur Rimbaud, Charles Baudelaire, Constantino Cavafis, Joan Maragall, Jorge Lu\u00eds Borges, Josep Carner, Salvador Espriu, Joan Vinyoli&#8230;<\/p>\n<p>Entrada gratu\u00efta, aforament limitat.<br \/>\n<a href=\"http:\/\/www.kikumistu.com\">www.kikumistu.com<\/a><\/p>\n<p><em>I a m\u00e9s l&#8217;exposici\u00f3 <\/em><strong><em>Xavier Escrib\u00e0 &#8211; Pere Arpa \u00ab&#8230;I per postres? Hiperpostres\u00bb<\/em><\/strong><\/p>\n<p>&#8212;&#8212;&#8212;&#8212;&#8212;&#8212;-<\/p>\n<p><strong>DIUMENGE 22 DE JUNY &#8211; 19H<\/strong><br \/>\n<em><strong> Fundaci\u00f3 Llu\u00eds Coromina &#8211; El Puntal (Carrer Girona, 161, Banyoles)<\/strong><\/em><\/p>\n<p><strong>SOLEDAD V\u00c9LEZ<\/strong><br \/>\nconcert<\/p>\n<p>El poder hipn\u00f2tic i abrasiu de la veu de Soledad V\u00e9lez, artista nascuda a Xile i actualment resident a Val\u00e8ncia, \u00e9s innegable. Des del seu folk-rock personal\u00edssim ja va sorprendre a la cr\u00edtica i al p\u00fablic amb <em>Wild fishing<\/em> i ara ha fet un pas m\u00e9s amb <em>Run with wolves<\/em>.<\/p>\n<p>Entrada gratu\u00efta, aforament limitat.<br \/>\n<a href=\"http:\/\/%20www.soledadvelez.bandcamp.com\"> www.soledadvelez.bandcamp.com<\/a><br \/>\n<a href=\"http:\/\/www.aphonica.banyoles.cat\">www.aphonica.banyoles.cat<\/a><\/p>\n<p><em>I a m\u00e9s l&#8217;exposici\u00f3 de <strong>Jordi Tolosa \u00abFour horizon\u00bb on es presenta una escultura sonora basada en poemes de Carles Duarte i amb imatges d&#8217;Albert Bayona, Albarr\u00e1n-Cabrera, i Yurian Quintanas<\/strong>.<\/em><br \/>\n&#8212;&#8212;&#8212;&#8212;&#8212;&#8212;<\/p>\n<p>972 583 477 \/ 972 575 229<br \/>\nfundacio@fundaciolluiscoromina.org<br \/>\nwww.fundaciolluiscoromina.org<\/p>\n<p><a href=\"http:\/\/fundaciolluiscoromina.org\/wp-content\/uploads\/2014\/06\/Soledad-Velez2.jpg\"><img loading=\"lazy\" decoding=\"async\" class=\"alignnone size-full wp-image-1945\" src=\"http:\/\/fundaciolluiscoromina.org\/wp-content\/uploads\/2014\/06\/Soledad-Velez2.jpg\" alt=\"Soledad-Velez2\" width=\"720\" height=\"453\" \/><\/a><\/p>\n<p>&nbsp;<\/p>\n<p>&nbsp;<\/p>\n","protected":false},"excerpt":{"rendered":"<p>DISSABTE 21 DE JUNY &#8211; 18H Fundaci\u00f3 Llu\u00eds Coromina &#8211; Espai Eat Art (Pla\u00e7a Major, 33 Banyoles) amb motiu del &#8230;<\/p>\n","protected":false},"author":1,"featured_media":1935,"comment_status":"closed","ping_status":"closed","sticky":false,"template":"","format":"standard","meta":{"footnotes":""},"categories":[10],"tags":[97,24,99,91,100,102,67,103,104],"class_list":["post-1933","post","type-post","status-publish","format-standard","has-post-thumbnail","hentry","category-activitats","tag-aphonica","tag-art","tag-escultura-sonora","tag-fundacio-lluis-coromina","tag-jordi-tolosa","tag-kiku-mistu","tag-poesia","tag-soledad-velez","tag-xavier-escriba"],"_links":{"self":[{"href":"http:\/\/fundaciolluiscoromina.org\/index.php\/wp-json\/wp\/v2\/posts\/1933","targetHints":{"allow":["GET"]}}],"collection":[{"href":"http:\/\/fundaciolluiscoromina.org\/index.php\/wp-json\/wp\/v2\/posts"}],"about":[{"href":"http:\/\/fundaciolluiscoromina.org\/index.php\/wp-json\/wp\/v2\/types\/post"}],"author":[{"embeddable":true,"href":"http:\/\/fundaciolluiscoromina.org\/index.php\/wp-json\/wp\/v2\/users\/1"}],"replies":[{"embeddable":true,"href":"http:\/\/fundaciolluiscoromina.org\/index.php\/wp-json\/wp\/v2\/comments?post=1933"}],"version-history":[{"count":0,"href":"http:\/\/fundaciolluiscoromina.org\/index.php\/wp-json\/wp\/v2\/posts\/1933\/revisions"}],"wp:attachment":[{"href":"http:\/\/fundaciolluiscoromina.org\/index.php\/wp-json\/wp\/v2\/media?parent=1933"}],"wp:term":[{"taxonomy":"category","embeddable":true,"href":"http:\/\/fundaciolluiscoromina.org\/index.php\/wp-json\/wp\/v2\/categories?post=1933"},{"taxonomy":"post_tag","embeddable":true,"href":"http:\/\/fundaciolluiscoromina.org\/index.php\/wp-json\/wp\/v2\/tags?post=1933"}],"curies":[{"name":"wp","href":"https:\/\/api.w.org\/{rel}","templated":true}]}}