{"id":1956,"date":"2014-06-23T11:15:06","date_gmt":"2014-06-23T11:15:06","guid":{"rendered":"http:\/\/fundaciolluiscoromina.org\/?p=1956"},"modified":"2014-06-23T11:15:06","modified_gmt":"2014-06-23T11:15:06","slug":"ferran-adria-participa-en-la-presentacio-del-monografic-de-bonart-que-patrocina-la-fundacio-coromina","status":"publish","type":"post","link":"http:\/\/fundaciolluiscoromina.org\/index.php\/2014\/06\/23\/ferran-adria-participa-en-la-presentacio-del-monografic-de-bonart-que-patrocina-la-fundacio-coromina\/","title":{"rendered":"Ferran Adri\u00e0 participa en la presentaci\u00f3 del monogr\u00e0fic de Bonart que patrocina la Fundaci\u00f3 Coromina"},"content":{"rendered":"<p>La <strong>Fundaci\u00f3 Llu\u00eds Coromina,<\/strong> dins la seva pol\u00edtica de donar suport a iniciatives que potencien els temes relacionats amb l&#8217;art, l&#8217;alimentaci\u00f3 i el paisatge, patrocina l&#8217;esdeveniment que la revista bonart far\u00e0 el proper dimarts dia <strong>1 de juliol<\/strong>,<strong> a les 19h<\/strong>,<strong> al Palau Robert <\/strong>de<strong> Barcelona<\/strong>.<\/p>\n<p>L&#8217;acte comptar\u00e0 amb la pres\u00e8ncia del reputat cuiner <strong>Ferran Adri\u00e0<\/strong>, aix\u00ed com del conseller de Territori i Sostenibilitat, <strong>Santi Vila<\/strong>. Tamb\u00e9 hi haur\u00e0 els editors de bonart, <strong>Anna Maria Camps <\/strong>i<strong> Ricard Planas<\/strong>, aquest darrer tamb\u00e9 director de la Fundaci\u00f3, el president de la fundaci\u00f3, Llu\u00eds Coromina, <strong>Joan Nogu\u00e9,<\/strong> director de l&#8217;Observatori del Paisatge de Catalunya i <strong>Francesc Guillame<\/strong>t, fot\u00f2graf i especialista en temes d&#8217;art i alimentaci\u00f3.En el monogr\u00e0fic de Bonart hi ha col\u00b7laborat autors com la cr\u00edtica d&#8217;art <strong>Pilar Parcerisas<\/strong> o els cr\u00edtics gastron\u00f2mics <strong>Salvador Garcia-Arb\u00f3s<\/strong> i<strong> Jaume F\u00e0brega<\/strong> i es reflexiona sobre la relaci\u00f3 entre <strong><em>\u00abArt, alimentaci\u00f3 i el paisatge\u00bb<\/em><\/strong> posant especial \u00e8mfasi en tres grans projectes del nostre territori: El Food Cultura encap\u00e7alat per <strong>Antoni Miralda<\/strong>, l&#8217;Espai Eat Art de la Fundaci\u00f3 Llu\u00eds Coromina i elbulli foundation.<\/p>\n<p>L&#8217;acte t\u00e9 el suport de la <strong>Fundaci\u00f3 Llu\u00eds Carulla<\/strong>,<strong> la Fundaci\u00f3 Vila Casas<\/strong>,<strong> l&#8217;Observatori del Paisatge de Catalunya &#8211; Departament de Territori i Sostenibilitat<\/strong>,<strong> el Food Cultura <\/strong>i<strong> elbulli foundation<\/strong>.<\/p>\n","protected":false},"excerpt":{"rendered":"<p>La Fundaci\u00f3 Llu\u00eds Coromina, dins la seva pol\u00edtica de donar suport a iniciatives que potencien els temes relacionats amb l&#8217;art, &#8230;<\/p>\n","protected":false},"author":1,"featured_media":1957,"comment_status":"closed","ping_status":"closed","sticky":false,"template":"","format":"standard","meta":{"footnotes":""},"categories":[10],"tags":[105,106,107,108,109,110,91,42,111,94],"class_list":["post-1956","post","type-post","status-publish","format-standard","has-post-thumbnail","hentry","category-activitats","tag-antoni-miralda","tag-elbulli-foundation","tag-ferran-adria","tag-food-cultura","tag-francesc-guillamet","tag-fundacio-lluis-carulla","tag-fundacio-lluis-coromina","tag-joan-nogue","tag-observatori-del-paisatge-de-catalunya","tag-santi-vila"],"_links":{"self":[{"href":"http:\/\/fundaciolluiscoromina.org\/index.php\/wp-json\/wp\/v2\/posts\/1956","targetHints":{"allow":["GET"]}}],"collection":[{"href":"http:\/\/fundaciolluiscoromina.org\/index.php\/wp-json\/wp\/v2\/posts"}],"about":[{"href":"http:\/\/fundaciolluiscoromina.org\/index.php\/wp-json\/wp\/v2\/types\/post"}],"author":[{"embeddable":true,"href":"http:\/\/fundaciolluiscoromina.org\/index.php\/wp-json\/wp\/v2\/users\/1"}],"replies":[{"embeddable":true,"href":"http:\/\/fundaciolluiscoromina.org\/index.php\/wp-json\/wp\/v2\/comments?post=1956"}],"version-history":[{"count":0,"href":"http:\/\/fundaciolluiscoromina.org\/index.php\/wp-json\/wp\/v2\/posts\/1956\/revisions"}],"wp:attachment":[{"href":"http:\/\/fundaciolluiscoromina.org\/index.php\/wp-json\/wp\/v2\/media?parent=1956"}],"wp:term":[{"taxonomy":"category","embeddable":true,"href":"http:\/\/fundaciolluiscoromina.org\/index.php\/wp-json\/wp\/v2\/categories?post=1956"},{"taxonomy":"post_tag","embeddable":true,"href":"http:\/\/fundaciolluiscoromina.org\/index.php\/wp-json\/wp\/v2\/tags?post=1956"}],"curies":[{"name":"wp","href":"https:\/\/api.w.org\/{rel}","templated":true}]}}