{"id":1969,"date":"2014-08-28T15:27:43","date_gmt":"2014-08-28T15:27:43","guid":{"rendered":"http:\/\/fundaciolluiscoromina.org\/?p=1969"},"modified":"2014-08-28T15:27:43","modified_gmt":"2014-08-28T15:27:43","slug":"la-fundacio-estany-i-la-fundacio-coromina-suneixen-per-mostrar-artistes-outsiders","status":"publish","type":"post","link":"http:\/\/fundaciolluiscoromina.org\/index.php\/2014\/08\/28\/la-fundacio-estany-i-la-fundacio-coromina-suneixen-per-mostrar-artistes-outsiders\/","title":{"rendered":"La Fundaci\u00f3 Estany i la Fundaci\u00f3 Coromina s\u2019uneixen per mostrar Artistes Outsiders"},"content":{"rendered":"<p>La Fundaci\u00f3 Estany i la Fundaci\u00f3 Llu\u00eds Coromina uneixen esfor\u00e7os per visibilitzar les obres de creadors amb (dis)capacitats intel.lectuals en una exposici\u00f3 titulada Artistes Outsiders i que t\u00e9 el suport de la Diputaci\u00f3 de Girona i bonart cultural.<\/p>\n<p>L\u2019exposici\u00f3, que s\u2019inaugurar\u00e0 el divendres 29 d\u2019agost a les 17:00h. a la Fundaci\u00f3 Llu\u00eds Coromina \u2013 Espai Eat Art (pla\u00e7a major, 33 de Banyoles), comptar\u00e0 amb la pres\u00e8ncia de Santi Vila, conseller de Territori i Sostenibilitat de la Generalitat de Catalunya; Alexandre Juanola, president de la Fundaci\u00f3 Estany i Llu\u00eds Coromina, president de la Fundaci\u00f3 Llu\u00eds Coromina.<\/p>\n<p>La iniciativa, que t\u00e9 com objectiu posar de relleu els ponts entre les (dis)capacitats intel\u00b7lectuals i l\u2019art contemporani \u2013com ha posat de relleu l\u2019artista Judith Scott\u2013, \u00e9s el resultat de tres anys de treball intens a trav\u00e9s d\u2019un equip multidisciplinar. Es tracte d\u2019una proposta on s\u2019han seleccionat potencials artistes del col\u00b7lectiu de persones amb (dis)capacitat, ja que com apunta el cr\u00edtic d\u2019art i cocurador de la mostra Ricard Planas \u201cni tots els (dis)capacitats s\u00f3n potencials artistes, ni tampoc qualsevol persona sense (dis)capacitat ho \u00e9s\u201d. El resultat final ha estat una selecci\u00f3 acurada de 30 obres dels 10 artistes participants: <strong>Josep Portella, Eva Alcal\u00e1, Josep Carr\u00e9, Pere Serra, Antonio Esteve, Sandra Planas, Albert Puig, Ramon Illa, Sandra Darn\u00e9 <\/strong>i<strong> Josep Llad\u00f3<\/strong>.<\/p>\n<p><strong>Art outsider.<\/strong> El terme angl\u00e8s outsider art (art des de la perif\u00e8ria) va ser encunyat pel cr\u00edtic d&#8217;art Roger Cardinal el 1972 traslladant a l&#8217;angl\u00e8s el concepte de Art Brut concebut per l&#8217;artista franc\u00e8s Jean Dubuffet per a descriure l&#8217;art creat fora dels l\u00edmits de la cultura oficial. L\u2019artista marginal-perif\u00e8ric \u00e9s, per tant, aquell que desenvolupa la seva tasca creativa sense contacte amb les institucions art\u00edstiques establertes, responent a una forta motivaci\u00f3 intr\u00ednseca i fent \u00fas freq\u00fcentment de materials i t\u00e8cniques in\u00e8dits.<\/p>\n<p><strong>D\u2019Art Especial a Artistes Outsiders<\/strong>. El projecte que va impulsar la Fundaci\u00f3 Estany a l\u2019octubre de 2011 amb el suport de la Fundaci\u00f3 Llu\u00eds Coromina pren com a model els que han desenvolupat entitats com el Creative Growth Art Center d\u2019Estats Units o Debajo del sombrero de Madrid. L\u2019equip multidisciplinar el formaven l\u2019artista holandesa afincada a Catalunya Hellen Baanders, l\u2019educadora Judit Juli\u00e0; la coordinaci\u00f3 Cristina Esta\u00f1ol; la directora del projecte Isabel L\u00f3pez i, en una etapa posterior, el cr\u00edtic d\u2019art Ricard Planas. Al llarg d\u2019aquests tres anys, el projecte ha evolucionat i els participants han passat de desenvolupar una acci\u00f3 d\u2019apropament a l\u2019entorn de les Arts a potenciar la part m\u00e9s creativa a trav\u00e9s de les diferents t\u00e8cniques art\u00edstiques per aprendre, crear i experimentar. Una activitat que s\u2019ha convertit en un espai normalitzador d\u2019expressi\u00f3 i de creaci\u00f3.<\/p>\n<p><strong>Activitats relacionades: jornades, subhasta i calendari solidari<\/strong>. L\u2019exposici\u00f3 esdev\u00e9 una dels tres branques d\u2019aquesta proposta. Les altres dues s\u00f3n: el dissabte 18 d\u2019octubre al mat\u00ed (a la Fundaci\u00f3 Llu\u00eds Coromina \u2013 edifici El Puntal) s\u2019ha programat unes jornades t\u00e8cniques sobre Artistes Outsiders, obertes a tothom per\u00f2 adre\u00e7ades especialment als col\u00b7lectius del m\u00f3n de l\u2019art, la psicologia i l\u2019educaci\u00f3 social. Durant aquest acte es presentar\u00e0un v\u00eddeo realitzat per Xavi P\u00e9rez (Fromzero) on es d\u00f3na a con\u00e8ixer com s\u2019ha desenvolupat el projecte i quin \u00e9s el proc\u00e9s de creaci\u00f3 d\u2019aquests artistes. Per altra banda, el mateix dia a les 20h., la Fundaci\u00f3 Llu\u00eds Coromina &#8211; Espai Eat Art acollir\u00e0 una subhasta solid\u00e0ria de les obres exposades, el fons recaptats estaran destinats a potenciar el projecte <strong>Art outsider<\/strong>.<\/p>\n<p>Per \u00faltim, el dia 7 de novembre, una part de l\u2019exposici\u00f3 desapareixer\u00e0 per donar pas a la inauguraci\u00f3 de la mostra de les fotografies del calendari solidari que anualment fa la Fundaci\u00f3 Estany, a c\u00e0rrec del fot\u00f2graf Jaume Lis, i que recull imatges on es mostra persones amb (dis)capacitats de la Fundaci\u00f3 Estany amb personalitats de la vida social i cultural del Pla de l\u2019Estany.<\/p>\n<div id=\"attachment_1973\" style=\"width: 2074px\" class=\"wp-caption alignnone\"><a href=\"http:\/\/fundaciolluiscoromina.org\/wp-content\/uploads\/2014\/08\/OUTSIDERS2.jpg\"><img loading=\"lazy\" decoding=\"async\" aria-describedby=\"caption-attachment-1973\" class=\"wp-image-1973 size-full\" src=\"http:\/\/fundaciolluiscoromina.org\/wp-content\/uploads\/2014\/08\/OUTSIDERS2.jpg\" alt=\"Artistes Outsiders\" width=\"2064\" height=\"2452\" \/><\/a><p id=\"caption-attachment-1973\" class=\"wp-caption-text\">Obra dels artistes de la Fundaci\u00f3 Estany<\/p><\/div>\n","protected":false},"excerpt":{"rendered":"<p>La Fundaci\u00f3 Estany i la Fundaci\u00f3 Llu\u00eds Coromina uneixen esfor\u00e7os per visibilitzar les obres de creadors amb (dis)capacitats intel.lectuals en &#8230;<\/p>\n","protected":false},"author":1,"featured_media":1972,"comment_status":"closed","ping_status":"closed","sticky":false,"template":"","format":"standard","meta":{"footnotes":""},"categories":[9],"tags":[112,113,114,115,19,86,27,116,117,91,21,94],"class_list":["post-1969","post","type-post","status-publish","format-standard","has-post-thumbnail","hentry","category-historic","tag-alexandre-juanola","tag-art-banyoles","tag-art-outsider","tag-artistes-outsiders","tag-banyoles","tag-eatart","tag-espai-eat-art","tag-exposicio-banyoles","tag-fundacio-estany","tag-fundacio-lluis-coromina","tag-lluis-coromina","tag-santi-vila"],"_links":{"self":[{"href":"http:\/\/fundaciolluiscoromina.org\/index.php\/wp-json\/wp\/v2\/posts\/1969","targetHints":{"allow":["GET"]}}],"collection":[{"href":"http:\/\/fundaciolluiscoromina.org\/index.php\/wp-json\/wp\/v2\/posts"}],"about":[{"href":"http:\/\/fundaciolluiscoromina.org\/index.php\/wp-json\/wp\/v2\/types\/post"}],"author":[{"embeddable":true,"href":"http:\/\/fundaciolluiscoromina.org\/index.php\/wp-json\/wp\/v2\/users\/1"}],"replies":[{"embeddable":true,"href":"http:\/\/fundaciolluiscoromina.org\/index.php\/wp-json\/wp\/v2\/comments?post=1969"}],"version-history":[{"count":0,"href":"http:\/\/fundaciolluiscoromina.org\/index.php\/wp-json\/wp\/v2\/posts\/1969\/revisions"}],"wp:attachment":[{"href":"http:\/\/fundaciolluiscoromina.org\/index.php\/wp-json\/wp\/v2\/media?parent=1969"}],"wp:term":[{"taxonomy":"category","embeddable":true,"href":"http:\/\/fundaciolluiscoromina.org\/index.php\/wp-json\/wp\/v2\/categories?post=1969"},{"taxonomy":"post_tag","embeddable":true,"href":"http:\/\/fundaciolluiscoromina.org\/index.php\/wp-json\/wp\/v2\/tags?post=1969"}],"curies":[{"name":"wp","href":"https:\/\/api.w.org\/{rel}","templated":true}]}}