{"id":1975,"date":"2014-09-03T15:52:16","date_gmt":"2014-09-03T15:52:16","guid":{"rendered":"http:\/\/fundaciolluiscoromina.org\/?p=1975"},"modified":"2014-09-03T15:52:16","modified_gmt":"2014-09-03T15:52:16","slug":"inauguracio-dartistes-outsiders-a-la-fundacio-lluis-coromina-espai-eatart","status":"publish","type":"post","link":"http:\/\/fundaciolluiscoromina.org\/index.php\/2014\/09\/03\/inauguracio-dartistes-outsiders-a-la-fundacio-lluis-coromina-espai-eatart\/","title":{"rendered":"Inauguraci\u00f3 d&#8217;Artistes Outsiders a la Fundaci\u00f3 Llu\u00eds Coromina &#8211; Espai EatArt"},"content":{"rendered":"<p>M\u00e9s d&#8217;un centenar de persones van assistir a la inauguraci\u00f3 de l&#8217;exposici\u00f3 <em>Artistes Outsiders<\/em> que va organitzar la Fundaci\u00f3 Llu\u00eds Coromina conjuntament amb la Fundaci\u00f3 Estany el passat dia 29 d&#8217;agost de 2014.<\/p>\n<p>A continuaci\u00f3, publiquem algunes de les imatges de l&#8217;esdeveniment\u00a0presidit pel conseller de sostenibilitat i territori, Santi Vila; el president de la Fundaci\u00f3 Llu\u00eds Coromina, el Sr. Llu\u00eds Coromina; el president de la Fundaci\u00f3 Estany, Alexandre Juanola; l&#8217;alcalde de Banyoles, Miquel Noguer; el president del Consell Comarcal del Pla de l&#8217;Estany, Jordi Xargay i Ricard Planas, director de bonart cultural.<\/p>\n<p>L&#8217;exposici\u00f3 Artistes Outsiders es podr\u00e0 veure fins a finals d&#8217;octubre.<\/p>\n<p><a href=\"http:\/\/fundaciolluiscoromina.org\/wp-content\/uploads\/2014\/09\/In-Artistes-Outsediers-\u00a9Pere-Duran-P9.jpg\"><img loading=\"lazy\" decoding=\"async\" class=\"alignnone size-full wp-image-1983\" src=\"http:\/\/fundaciolluiscoromina.org\/wp-content\/uploads\/2014\/09\/In-Artistes-Outsediers-\u00a9Pere-Duran-P9.jpg\" alt=\"Artistes Outsiders\" width=\"3888\" height=\"2592\" \/><\/a> <a href=\"http:\/\/fundaciolluiscoromina.org\/wp-content\/uploads\/2014\/09\/In-Artistes-Outsediers-\u00a9Pere-Duran-P13.jpg\"><img loading=\"lazy\" decoding=\"async\" class=\"alignnone size-full wp-image-1986\" src=\"http:\/\/fundaciolluiscoromina.org\/wp-content\/uploads\/2014\/09\/In-Artistes-Outsediers-\u00a9Pere-Duran-P13.jpg\" alt=\"Artistes Outsiders\" width=\"3888\" height=\"2592\" \/><\/a> <a href=\"http:\/\/fundaciolluiscoromina.org\/wp-content\/uploads\/2014\/09\/In-Artistes-Outsediers-\u00a9Pere-Duran-P10.jpg\"><img loading=\"lazy\" decoding=\"async\" class=\"alignnone size-full wp-image-1984\" src=\"http:\/\/fundaciolluiscoromina.org\/wp-content\/uploads\/2014\/09\/In-Artistes-Outsediers-\u00a9Pere-Duran-P10.jpg\" alt=\"Artistes Outsiders\" width=\"3744\" height=\"2391\" \/><\/a><\/p>\n<p><a href=\"http:\/\/fundaciolluiscoromina.org\/wp-content\/uploads\/2014\/09\/In-Artistes-Outsediers-\u00a9Pere-Duran-P16.jpg\"><img loading=\"lazy\" decoding=\"async\" class=\"alignnone size-full wp-image-1988\" src=\"http:\/\/fundaciolluiscoromina.org\/wp-content\/uploads\/2014\/09\/In-Artistes-Outsediers-\u00a9Pere-Duran-P16.jpg\" alt=\"Artistes Outsiders\" width=\"3888\" height=\"2592\" \/><\/a> <a href=\"http:\/\/fundaciolluiscoromina.org\/wp-content\/uploads\/2014\/09\/In-Artistes-Outsediers-\u00a9Pere-Duran-P17.jpg\"><img loading=\"lazy\" decoding=\"async\" class=\"alignnone size-full wp-image-1989\" src=\"http:\/\/fundaciolluiscoromina.org\/wp-content\/uploads\/2014\/09\/In-Artistes-Outsediers-\u00a9Pere-Duran-P17.jpg\" alt=\"Artistes Outsiders\" width=\"3888\" height=\"2592\" \/><\/a> <a href=\"http:\/\/fundaciolluiscoromina.org\/wp-content\/uploads\/2014\/09\/In-Artistes-Outsediers-\u00a9Pere-Duran-P6.jpg\"><img loading=\"lazy\" decoding=\"async\" class=\"alignnone size-full wp-image-1980\" src=\"http:\/\/fundaciolluiscoromina.org\/wp-content\/uploads\/2014\/09\/In-Artistes-Outsediers-\u00a9Pere-Duran-P6.jpg\" alt=\"Artistes Outsiders\" width=\"3888\" height=\"2592\" \/><\/a> <a href=\"http:\/\/fundaciolluiscoromina.org\/wp-content\/uploads\/2014\/09\/In-Artistes-Outsediers-\u00a9Pere-Duran-P7.jpg\"><img loading=\"lazy\" decoding=\"async\" class=\"alignnone size-full wp-image-1981\" src=\"http:\/\/fundaciolluiscoromina.org\/wp-content\/uploads\/2014\/09\/In-Artistes-Outsediers-\u00a9Pere-Duran-P7.jpg\" alt=\"Artistes Outsiders\" width=\"3723\" height=\"2487\" \/><\/a><\/p>\n<p>Fotos: Pere Duran<\/p>\n","protected":false},"excerpt":{"rendered":"<p>M\u00e9s d&#8217;un centenar de persones van assistir a la inauguraci\u00f3 de l&#8217;exposici\u00f3 Artistes Outsiders que va organitzar la Fundaci\u00f3 Llu\u00eds &#8230;<\/p>\n","protected":false},"author":1,"featured_media":1987,"comment_status":"closed","ping_status":"closed","sticky":false,"template":"","format":"standard","meta":{"footnotes":""},"categories":[9],"tags":[118,113,115,19,119,120,121,122,116,117,91,123,124],"class_list":["post-1975","post","type-post","status-publish","format-standard","has-post-thumbnail","hentry","category-historic","tag-agrienergia","tag-art-banyoles","tag-artistes-outsiders","tag-banyoles","tag-banyoles-cultura","tag-coromina","tag-espai-eatart","tag-exposicio-artistes-outsiders","tag-exposicio-banyoles","tag-fundacio-estany","tag-fundacio-lluis-coromina","tag-lluis-coromina-isern","tag-pere-duran"],"_links":{"self":[{"href":"http:\/\/fundaciolluiscoromina.org\/index.php\/wp-json\/wp\/v2\/posts\/1975","targetHints":{"allow":["GET"]}}],"collection":[{"href":"http:\/\/fundaciolluiscoromina.org\/index.php\/wp-json\/wp\/v2\/posts"}],"about":[{"href":"http:\/\/fundaciolluiscoromina.org\/index.php\/wp-json\/wp\/v2\/types\/post"}],"author":[{"embeddable":true,"href":"http:\/\/fundaciolluiscoromina.org\/index.php\/wp-json\/wp\/v2\/users\/1"}],"replies":[{"embeddable":true,"href":"http:\/\/fundaciolluiscoromina.org\/index.php\/wp-json\/wp\/v2\/comments?post=1975"}],"version-history":[{"count":0,"href":"http:\/\/fundaciolluiscoromina.org\/index.php\/wp-json\/wp\/v2\/posts\/1975\/revisions"}],"wp:attachment":[{"href":"http:\/\/fundaciolluiscoromina.org\/index.php\/wp-json\/wp\/v2\/media?parent=1975"}],"wp:term":[{"taxonomy":"category","embeddable":true,"href":"http:\/\/fundaciolluiscoromina.org\/index.php\/wp-json\/wp\/v2\/categories?post=1975"},{"taxonomy":"post_tag","embeddable":true,"href":"http:\/\/fundaciolluiscoromina.org\/index.php\/wp-json\/wp\/v2\/tags?post=1975"}],"curies":[{"name":"wp","href":"https:\/\/api.w.org\/{rel}","templated":true}]}}