{"id":2003,"date":"2014-09-15T10:51:22","date_gmt":"2014-09-15T10:51:22","guid":{"rendered":"http:\/\/fundaciolluiscoromina.org\/?p=2003"},"modified":"2014-09-15T10:51:22","modified_gmt":"2014-09-15T10:51:22","slug":"tv3-entrevista-els-protagonistes-de-lexposicio-artistes-outsiders","status":"publish","type":"post","link":"http:\/\/fundaciolluiscoromina.org\/index.php\/2014\/09\/15\/tv3-entrevista-els-protagonistes-de-lexposicio-artistes-outsiders\/","title":{"rendered":"TV3 entrevista els protagonistes de l&#8217;exposici\u00f3 Artistes Outsiders"},"content":{"rendered":"<p>El divendres 12 de setembre, la Fundaci\u00f3 Llu\u00eds Coromina va rebre la visita de TV3 qui van entrevistar els protagonistes de l&#8217;exposici\u00f3 Artistes Outsiders. Els artistes entrevistats van ser Sandra Planas i Josep Carr\u00e9 i despr\u00e9s va parlar la tutora del taller Art Outsider de la Fundaci\u00f3 Estany, Hellen Baanders.<\/p>\n<p>Video:\u00a0<a href=\"http:\/\/www.tv3.cat\/videos\/5244035\/Exposicio-Artistes-Outsiders\">Not\u00edcia Exposici\u00f3 Artistes Outsiders<\/a><\/p>\n<div id=\"attachment_2005\" style=\"width: 3274px\" class=\"wp-caption alignnone\"><a href=\"http:\/\/fundaciolluiscoromina.org\/wp-content\/uploads\/2014\/09\/IMG_6047.jpg\"><img loading=\"lazy\" decoding=\"async\" aria-describedby=\"caption-attachment-2005\" class=\"size-full wp-image-2005\" src=\"http:\/\/fundaciolluiscoromina.org\/wp-content\/uploads\/2014\/09\/IMG_6047.jpg\" alt=\"La coordinadora de la Fundaci\u00f3 Estany, Cristina Esta\u00f1ol, pregunta a Josep Carr\u00e9.\" width=\"3264\" height=\"2448\" \/><\/a><p id=\"caption-attachment-2005\" class=\"wp-caption-text\">La coordinadora de la Fundaci\u00f3 Estany, Cristina Esta\u00f1ol, pregunta a Josep Carr\u00e9.<\/p><\/div>\n<div id=\"attachment_2006\" style=\"width: 3274px\" class=\"wp-caption alignnone\"><a href=\"http:\/\/fundaciolluiscoromina.org\/wp-content\/uploads\/2014\/09\/IMG_6053.jpg\"><img loading=\"lazy\" decoding=\"async\" aria-describedby=\"caption-attachment-2006\" class=\"size-full wp-image-2006\" src=\"http:\/\/fundaciolluiscoromina.org\/wp-content\/uploads\/2014\/09\/IMG_6053.jpg\" alt=\"La periodista de TV3 Neus Santamaria entrevista a Sandra Planas.\" width=\"3264\" height=\"2448\" \/><\/a><p id=\"caption-attachment-2006\" class=\"wp-caption-text\">La periodista de TV3 Neus Santamaria entrevista a Sandra Planas.<\/p><\/div>\n<div id=\"attachment_2007\" style=\"width: 3274px\" class=\"wp-caption alignnone\"><a href=\"http:\/\/fundaciolluiscoromina.org\/wp-content\/uploads\/2014\/09\/IMG_6057.jpg\"><img loading=\"lazy\" decoding=\"async\" aria-describedby=\"caption-attachment-2007\" class=\"size-full wp-image-2007\" src=\"http:\/\/fundaciolluiscoromina.org\/wp-content\/uploads\/2014\/09\/IMG_6057.jpg\" alt=\"La periodista de TV3 Neus Santamaria pregunta a la tutora d'Art Especial Helen Baanders.\" width=\"3264\" height=\"2448\" \/><\/a><p id=\"caption-attachment-2007\" class=\"wp-caption-text\">La periodista de TV3 Neus Santamaria pregunta a la tutora d&#8217;Art Especial Hellen Baanders.<\/p><\/div>\n","protected":false},"excerpt":{"rendered":"<p>El divendres 12 de setembre, la Fundaci\u00f3 Llu\u00eds Coromina va rebre la visita de TV3 qui van entrevistar els protagonistes &#8230;<\/p>\n","protected":false},"author":1,"featured_media":2004,"comment_status":"closed","ping_status":"closed","sticky":false,"template":"","format":"standard","meta":{"footnotes":""},"categories":[9],"tags":[115,19,27,121,117,91,125,126,127,128],"class_list":["post-2003","post","type-post","status-publish","format-standard","has-post-thumbnail","hentry","category-historic","tag-artistes-outsiders","tag-banyoles","tag-espai-eat-art","tag-espai-eatart","tag-fundacio-estany","tag-fundacio-lluis-coromina","tag-hellen-baanders","tag-josep-carre","tag-sandra-planas","tag-tv3"],"_links":{"self":[{"href":"http:\/\/fundaciolluiscoromina.org\/index.php\/wp-json\/wp\/v2\/posts\/2003","targetHints":{"allow":["GET"]}}],"collection":[{"href":"http:\/\/fundaciolluiscoromina.org\/index.php\/wp-json\/wp\/v2\/posts"}],"about":[{"href":"http:\/\/fundaciolluiscoromina.org\/index.php\/wp-json\/wp\/v2\/types\/post"}],"author":[{"embeddable":true,"href":"http:\/\/fundaciolluiscoromina.org\/index.php\/wp-json\/wp\/v2\/users\/1"}],"replies":[{"embeddable":true,"href":"http:\/\/fundaciolluiscoromina.org\/index.php\/wp-json\/wp\/v2\/comments?post=2003"}],"version-history":[{"count":0,"href":"http:\/\/fundaciolluiscoromina.org\/index.php\/wp-json\/wp\/v2\/posts\/2003\/revisions"}],"wp:attachment":[{"href":"http:\/\/fundaciolluiscoromina.org\/index.php\/wp-json\/wp\/v2\/media?parent=2003"}],"wp:term":[{"taxonomy":"category","embeddable":true,"href":"http:\/\/fundaciolluiscoromina.org\/index.php\/wp-json\/wp\/v2\/categories?post=2003"},{"taxonomy":"post_tag","embeddable":true,"href":"http:\/\/fundaciolluiscoromina.org\/index.php\/wp-json\/wp\/v2\/tags?post=2003"}],"curies":[{"name":"wp","href":"https:\/\/api.w.org\/{rel}","templated":true}]}}