{"id":2014,"date":"2014-09-18T09:28:54","date_gmt":"2014-09-18T09:28:54","guid":{"rendered":"http:\/\/fundaciolluiscoromina.org\/?p=2014"},"modified":"2014-09-18T09:28:54","modified_gmt":"2014-09-18T09:28:54","slug":"el-sr-lluis-coromina-entrevistat-per-la-revista-els-colors","status":"publish","type":"post","link":"http:\/\/fundaciolluiscoromina.org\/index.php\/2014\/09\/18\/el-sr-lluis-coromina-entrevistat-per-la-revista-els-colors\/","title":{"rendered":"La revista &#8216;Els colors&#8217; entrevista el president de la fundaci\u00f3, Llu\u00eds Coromina"},"content":{"rendered":"<p>El n\u00famero 177 de\u00a0la revista banyolina &#8216;Els colors&#8217; entrevista el president de la fundaci\u00f3, Llu\u00eds Coromina Isern. Entrevistat per Alba Dom\u00e8nech, a la p\u00e0gina 4 d&#8217;aquest n\u00famero de setembre, el col\u00b7leccionista i empresari reflexiona sobre les l\u00ednies directrius de l&#8217;entitat.<\/p>\n<p><strong>De quines empreses ets president o formes part?<br \/>\n<\/strong>Les m\u00e9s conegudes s\u00f3n Agrienergia (l\u2019el\u00e8ctrica i Farinera Coromina), Teisa i Aig\u00fces de Banyoles.<\/p>\n<p><strong>Tamb\u00e9 tens una fundaci\u00f3 amb el teu nom, Fundaci\u00f3 Llu\u00eds Coromina, quan es va constituir?<br \/>\n<\/strong>El 2007. Ho v\u00e0rem fer amb una tasca assistencial on el car\u00e0cter internacional tenia un xic m\u00e9s de pes, sense deixar mai la relaci\u00f3 amb la proximitat. En la darrera etapa, per\u00f2, focalitzem l&#8217;atenci\u00f3 en el Pla de l&#8217;Estany ja que el context social ho ha posat m\u00e9s de relleu.<\/p>\n<p><strong>\u00a0Per quin motiu la vas fundar?<br \/>\n<\/strong>Per retornar a la societat el que et d\u00f3na. No \u00e9s un tema de responsabilitat sin\u00f3 de comprom\u00eds. Jo visc i m&#8217;estimo el Pla de l&#8217;Estany. I perqu\u00e8 la fundaci\u00f3 \u00e9s l&#8217;entitat que aglutina les din\u00e0miques que abans f\u00e8iem des d&#8217;altres plataformes o sovint an\u00f2nimament.<\/p>\n<p><strong>\u00a0La fundaci\u00f3 t\u00e9 tres seus: <em>Espai Eat Art <\/em>i<em> El Puntal <\/em>a Banyoles<em>, <\/em>i <em>La Perpinyana <\/em>a Porqueres. Quines activitats desenvolupa cadascuna?<br \/>\n<\/strong>L&#8217;Espai Eat Art \u00e9s un homenatge a l&#8217;artista Llu\u00eds Vil\u00e0, de qui difonem l&#8217;obra. \u00c9s \u00fanic a la pen\u00ednsula i a nivell europeu, ens d\u00f3na a con\u00e8ixer els vincles de la hist\u00f2ria de l&#8217;art amb l&#8217;alimentaci\u00f3. A banda, a les comarques gironines som un exponent de primer nivell d&#8217;ind\u00fastries i serveis vinculats al m\u00f3n de l&#8217;alimentaci\u00f3 i la gastronomia, que vol dir paisatge i, com no, art. El Puntal \u00e9s un laboratori de creaci\u00f3 on treballem per ser un CAR de Sant Cugat en versi\u00f3 cultural. Sempre per complementar els esfor\u00e7os de les institucions. La Perpinyana \u00e9s l&#8217;espai on es troba el centre d\u00b4acollida temporal d\u00b4animals.<\/p>\n<p><strong>Com s\u2019escullen els projectes als quals es d\u00f3na suport?<br \/>\n<\/strong>Tenim un comit\u00e8 assessor per desenvolupar les l\u00ednies estrat\u00e8giques de la fundaci\u00f3 que s\u00f3n les arts, el paisatge i el servei a les persones.<\/p>\n<p><strong>A quines persones o entitats heu donat suport o han pogut realitzar la seva obra gr\u00e0cies a la fundaci\u00f3?<br \/>\n<\/strong>A moltes, entre altres, a la Fundaci\u00f3 Estany i Mas Casadevall. El conveni amb l&#8217;Observatori del Paisatge de Catalunya. Ajudar a consolidar la carrera del cineasta Albert Serra o el suport a la gent de teatre de la m\u00e0 de Joan Solana i Cor de Teatre. Sense deixar-nos la recuperaci\u00f3 de figures com Carles Fontser\u00e8 i Rafael Marquina.\u00a0Tamb\u00e9 projectes humanitaris a Per\u00fa, Brasil i Guinea Conakry.<\/p>\n<p><strong>S\u2019aposta per projectes o autors banyolins davant d\u2019altres o no es fa distinci\u00f3 segons origen?<br \/>\n<\/strong>Som un fundaci\u00f3 exigent amb la qualitat de les propostes i, evidentment, prioritzem les iniciatives de persones que viuen en el nostre \u00e0mbit geogr\u00e0fic.<\/p>\n<p><strong>Com a empresari, quins consells donaries als joves emprenedors?<br \/>\n<\/strong>Entre altres coses, capacitat de ser flexible. Com diu la dita: \u00abLa vida \u00e9s tot el que et passa mentre fas altres plans\u00bb.<\/p>\n<p><em>Fotografia Jaume Lis<br \/>\n<a href=\"http:\/\/www.revistaelscolors.com\">www.revistaelscolors.com<\/a><\/em><\/p>\n<p>&nbsp;<\/p>\n","protected":false},"excerpt":{"rendered":"<p>El n\u00famero 177 de\u00a0la revista banyolina &#8216;Els colors&#8217; entrevista el president de la fundaci\u00f3, Llu\u00eds Coromina Isern. Entrevistat per Alba &#8230;<\/p>\n","protected":false},"author":1,"featured_media":2016,"comment_status":"closed","ping_status":"closed","sticky":false,"template":"","format":"standard","meta":{"footnotes":""},"categories":[10],"tags":[129,130,117,91,131],"class_list":["post-2014","post","type-post","status-publish","format-standard","has-post-thumbnail","hentry","category-activitats","tag-alba-domenech","tag-els-colors-del-pla-de-lestany","tag-fundacio-estany","tag-fundacio-lluis-coromina","tag-jaume-lis"],"_links":{"self":[{"href":"http:\/\/fundaciolluiscoromina.org\/index.php\/wp-json\/wp\/v2\/posts\/2014","targetHints":{"allow":["GET"]}}],"collection":[{"href":"http:\/\/fundaciolluiscoromina.org\/index.php\/wp-json\/wp\/v2\/posts"}],"about":[{"href":"http:\/\/fundaciolluiscoromina.org\/index.php\/wp-json\/wp\/v2\/types\/post"}],"author":[{"embeddable":true,"href":"http:\/\/fundaciolluiscoromina.org\/index.php\/wp-json\/wp\/v2\/users\/1"}],"replies":[{"embeddable":true,"href":"http:\/\/fundaciolluiscoromina.org\/index.php\/wp-json\/wp\/v2\/comments?post=2014"}],"version-history":[{"count":0,"href":"http:\/\/fundaciolluiscoromina.org\/index.php\/wp-json\/wp\/v2\/posts\/2014\/revisions"}],"wp:attachment":[{"href":"http:\/\/fundaciolluiscoromina.org\/index.php\/wp-json\/wp\/v2\/media?parent=2014"}],"wp:term":[{"taxonomy":"category","embeddable":true,"href":"http:\/\/fundaciolluiscoromina.org\/index.php\/wp-json\/wp\/v2\/categories?post=2014"},{"taxonomy":"post_tag","embeddable":true,"href":"http:\/\/fundaciolluiscoromina.org\/index.php\/wp-json\/wp\/v2\/tags?post=2014"}],"curies":[{"name":"wp","href":"https:\/\/api.w.org\/{rel}","templated":true}]}}