{"id":2037,"date":"2014-10-01T12:12:56","date_gmt":"2014-10-01T12:12:56","guid":{"rendered":"http:\/\/fundaciolluiscoromina.org\/?p=2037"},"modified":"2014-10-01T12:12:56","modified_gmt":"2014-10-01T12:12:56","slug":"la-fira-swab-estrena-el-premi-fundacio-lluis-coromina","status":"publish","type":"post","link":"http:\/\/fundaciolluiscoromina.org\/index.php\/2014\/10\/01\/la-fira-swab-estrena-el-premi-fundacio-lluis-coromina\/","title":{"rendered":"La Fira SWAB estrena el Premi Fundaci\u00f3 Llu\u00eds Coromina"},"content":{"rendered":"<p>El dijous s&#8217;inaugura una nova edici\u00f3 de la Fira d&#8217;Art Contemporani de Barcelona, SWAB amb la participaci\u00f3 de la Fundaci\u00f3 Llu\u00eds Coromina.<\/p>\n<p>L&#8217;entitat banyolina ha incrementat els guardons que es donen amb la creaci\u00f3 del Premi Fundaci\u00f3 Llu\u00eds Coromina al millor artista catal\u00e0.<\/p>\n<p>El premi, amb el\u00a0suport\u00a0de bonart cultural, consisteix en l&#8217;adquisici\u00f3 d&#8217;una obra d&#8217;art d&#8217;un artista catal\u00e0 participant a la Fira SWAB Barcelona 2014. El jurat estar\u00e0 presidit per Llu\u00eds Coromina, president de la Fundaci\u00f3 Llu\u00eds Coromina, acompanyat de Joan M. Minguet (President de l&#8217;Associaci\u00f3 Catalana de cr\u00edtica d&#8217;art), Montse Badia (Cr\u00edtic d&#8217;art i directora art\u00edstica de Cal Cego), Ricard Planas, (Cr\u00edtic d&#8217;art i director art\u00edstic de Bonart cultural) i Eul\u00e0lia Grau (Artista).<\/p>\n<p>D&#8217;aquesta manera, la Fundaci\u00f3 Llu\u00eds Coromina segueix apostant per l&#8217;art\u00a0i sobretot potenciant la creaci\u00f3 local.<\/p>\n<p><a href=\"http:\/\/fundaciolluiscoromina.org\/wp-content\/uploads\/2014\/09\/2014-9-30-Avui-SWAB-junt.jpg\"><img loading=\"lazy\" decoding=\"async\" class=\"aligncenter size-large wp-image-2038\" src=\"http:\/\/fundaciolluiscoromina.org\/wp-content\/uploads\/2014\/09\/2014-9-30-Avui-SWAB-junt-602x1024.jpg\" alt=\"2014-9-30 Avui SWAB junt\" width=\"590\" height=\"1003\" \/><\/a><\/p>\n","protected":false},"excerpt":{"rendered":"<p>El dijous s&#8217;inaugura una nova edici\u00f3 de la Fira d&#8217;Art Contemporani de Barcelona, SWAB amb la participaci\u00f3 de la Fundaci\u00f3 &#8230;<\/p>\n","protected":false},"author":1,"featured_media":2039,"comment_status":"closed","ping_status":"closed","sticky":false,"template":"","format":"standard","meta":{"footnotes":""},"categories":[10],"tags":[137,138,91,139,21,140,141,53,142],"class_list":["post-2037","post","type-post","status-publish","format-standard","has-post-thumbnail","hentry","category-activitats","tag-eulalia-grau","tag-fira-swab","tag-fundacio-lluis-coromina","tag-joan-minguet","tag-lluis-coromina","tag-montse-badia","tag-premi-fundacio-lluis-coromina","tag-ricard-planas","tag-swab"],"_links":{"self":[{"href":"http:\/\/fundaciolluiscoromina.org\/index.php\/wp-json\/wp\/v2\/posts\/2037","targetHints":{"allow":["GET"]}}],"collection":[{"href":"http:\/\/fundaciolluiscoromina.org\/index.php\/wp-json\/wp\/v2\/posts"}],"about":[{"href":"http:\/\/fundaciolluiscoromina.org\/index.php\/wp-json\/wp\/v2\/types\/post"}],"author":[{"embeddable":true,"href":"http:\/\/fundaciolluiscoromina.org\/index.php\/wp-json\/wp\/v2\/users\/1"}],"replies":[{"embeddable":true,"href":"http:\/\/fundaciolluiscoromina.org\/index.php\/wp-json\/wp\/v2\/comments?post=2037"}],"version-history":[{"count":0,"href":"http:\/\/fundaciolluiscoromina.org\/index.php\/wp-json\/wp\/v2\/posts\/2037\/revisions"}],"wp:attachment":[{"href":"http:\/\/fundaciolluiscoromina.org\/index.php\/wp-json\/wp\/v2\/media?parent=2037"}],"wp:term":[{"taxonomy":"category","embeddable":true,"href":"http:\/\/fundaciolluiscoromina.org\/index.php\/wp-json\/wp\/v2\/categories?post=2037"},{"taxonomy":"post_tag","embeddable":true,"href":"http:\/\/fundaciolluiscoromina.org\/index.php\/wp-json\/wp\/v2\/tags?post=2037"}],"curies":[{"name":"wp","href":"https:\/\/api.w.org\/{rel}","templated":true}]}}