{"id":2044,"date":"2014-10-04T08:54:55","date_gmt":"2014-10-04T08:54:55","guid":{"rendered":"http:\/\/fundaciolluiscoromina.org\/?p=2044"},"modified":"2014-10-04T08:54:55","modified_gmt":"2014-10-04T08:54:55","slug":"anna-garcia-pineda-guanya-el-premi-fundacio-lluis-coromina-a-la-fira-swab","status":"publish","type":"post","link":"http:\/\/fundaciolluiscoromina.org\/index.php\/2014\/10\/04\/anna-garcia-pineda-guanya-el-premi-fundacio-lluis-coromina-a-la-fira-swab\/","title":{"rendered":"Anna Garcia-Pineda guanya el premi Fundaci\u00f3 Llu\u00eds Coromina a la fira Swab"},"content":{"rendered":"<p><a href=\"http:\/\/fundaciolluiscoromina.org\/wp-content\/uploads\/2014\/10\/IN-SWAB-\u00a9Pere-Duran-P9.jpg\"><img loading=\"lazy\" decoding=\"async\" class=\"aligncenter size-large wp-image-2048\" src=\"http:\/\/fundaciolluiscoromina.org\/wp-content\/uploads\/2014\/10\/IN-SWAB-\u00a9Pere-Duran-P9-1024x682.jpg\" alt=\"02\/10\/14 Inauguraci\u0097 de la fira Swab a Barcelona. FOTO: PERE DURAN\" width=\"590\" height=\"392\" \/><\/a><\/p>\n<p>Dins del marc de la Fira\u00a0<span class=\"hiddenSpellError\">Swab<\/span>\u00a0que se celebra al pavell\u00f3 itali\u00e0 de Fira de Barcelona del 2 al 5 d\u2019octubre, la Fundaci\u00f3 Llu\u00eds Coromina amb la col\u00b7laboraci\u00f3 de Bonart va guardonar al millor artista catal\u00e0 present en aquest esdeveniment art\u00edstic. Un jurat format per Llu\u00eds Coromina, president de la Fundaci\u00f3 Llu\u00eds Coromina; Joan M. Minguet, president de l\u2019Associaci\u00f3 de Cr\u00edtics d\u2019Art de Catalunya; Montse Badia, directora art\u00edstica de Cal Cego; Eulalia Grau, artista i Ricard\u00a0<span class=\"hiddenSpellError\">Planas<\/span>, director de la revista\u00a0<span class=\"hiddenSpellError\">bonart<\/span>\u00a0i de la Fundaci\u00f3 Llu\u00eds Coromina \u00a0va concedir el premi a\u00a0<span class=\"hiddenSpellError\">Anna<\/span>\u00a0<span class=\"hiddenSpellError\">Garc\u00eda-<\/span>Pineda (Sabadell, 1982) que exposaa a l\u2019estand de +R Galeria.<br \/>\n<span class=\"hiddenGrammarError\">Llicenciada en<\/span>\u00a0Belles Arts entre Barcelona i Berl\u00edn, ha realitzat\u00a0<span class=\"hiddenSpellError\">projectes<\/span>\u00a0individuals com\u00a0<em>Salvar el<span class=\"hiddenGrammarError\">mundo<\/span><\/em>\u00a0o\u00a0<em><span class=\"hiddenSpellError\">Romperlo<\/span>\u00a0<span class=\"hiddenSpellError\">todo<\/span>\u00a0<span class=\"hiddenGrammarError\">y<\/span>\u00a0que\u00a0<span class=\"hiddenGreenError\">haga<\/span>\u00a0tiroriro<\/em>\u00a0i ha participat en exposicions col\u00b7lectives com\u00a0<em>I\u00a0<span class=\"hiddenSpellError\">will<\/span>\u00a0<span class=\"hiddenGreenError\">not<\/span>\u00a0<span class=\"hiddenSpellError\">throw<\/span>\u00a0rocks<\/em>\u00a0a Londres o\u00a0<span class=\"hiddenSpellError\">Cosmopolitan<\/span>\u00a0Barcelona a Nova York. El 2006 va rebre la Beca Incubadora per realitzar\u00a0<em><span class=\"hiddenSpellError\">T\u00e1cticas<\/span>\u00a0de\u00a0<span class=\"hiddenSpellError\">combate<\/span><\/em>. \u00c9s cofundadora, juntament amb\u00a0<span class=\"hiddenSpellError\">Haizea<\/span>\u00a0<span class=\"hiddenSpellError\">Barcenilla<\/span>, del col\u00b7lectiu Damas, que t\u00e9 com a objectiu concentrar-se en elements d\u2019uni\u00f3 tals com ara ponts, cremalleres, xarxes o velcro i experimentar amb el format\u00a0<span class=\"hiddenSpellError\">comissarial<\/span>. Va rebre\u00a0la beca\u00a0<span class=\"hiddenSpellError\">BCN<\/span>Producci\u00f3 2008 per editar\u00a0<em><span class=\"hiddenSpellError\">M\u00e1quinas<\/span>\u00a0<span class=\"hiddenGrammarError\">y<\/span>\u00a0<span class=\"hiddenSpellError\">maquinaciones<\/span><\/em>, una acumulaci\u00f3 d\u2019invents i missions que tenen com a objectiu contrarestar les nostres trag\u00e8dies quotidianes. \u00c9s resident a Hangar. Viu i treballa a Berl\u00edn.<\/p>\n<p>La Fundaci\u00f3 Llu\u00eds Coromina i la revista\u00a0<span class=\"hiddenSpellError\">Bonart<\/span>\u00a0s\u00f3n presents a la fira barcelonina que es clour\u00e0 el dia 5 d\u2019octubre. Durant la jornada d\u2019inauguraci\u00f3 l\u2019estand va ser visitat per Ferran Mascarell, conseller de Cultura de la Generalitat de Catalunya i Jaume<span class=\"hiddenSpellError\">Ciurana<\/span>, tinent d\u2019alcalde de Cultura de l\u2019Ajuntament de Barcelona.<\/p>\n<p>L\u2019estand de la Fundaci\u00f3 Llu\u00eds Coromina i Bonart va comptar amb la col\u00b7laboraci\u00f3 de\u00a0<span class=\"hiddenSpellError\">Kiku<\/span>\u00a0<span class=\"hiddenSpellError\">Mistu<\/span>\u00a0i el\u00a0<span class=\"hiddenSpellError\">Xupet<\/span>\u00a0Negre.<\/p>\n<p><em>A les imatges, a dalt, el jurat amb l\u2019obra guanyadora i Llu\u00eds Coromina davant l&#8217;obra guanyadora. A sota, d&#8217;esquerra a dreta, Llu\u00eds Coromina, Ricard Planas,\u00a0Jaume Ciurana -regidor de cultura de l&#8217;Ajuntament de Barcelona, Ferran Mascarell, conseller de Cultura de la Generalitat de Catalunya i Kiku Mistu, artista, durant la jornada inaugural de la fira. A sota, Xupet Negre amb l&#8217;obra realitzada in situ durant el sopar de col\u00b7leccionistes que es va realitzar a la seu de Barcelona de la Fundaci\u00f3. (Reportatge gr\u00e0fic de Pere Duran).<\/em><\/p>\n<p><a href=\"http:\/\/fundaciolluiscoromina.org\/wp-content\/uploads\/2014\/10\/IN-SWAB-\u00a9Pere-Duran-P1.jpg\"><img loading=\"lazy\" decoding=\"async\" class=\"aligncenter size-large wp-image-2045\" src=\"http:\/\/fundaciolluiscoromina.org\/wp-content\/uploads\/2014\/10\/IN-SWAB-\u00a9Pere-Duran-P1-1024x682.jpg\" alt=\"02\/10\/14 Inauguraci\u0097 de la fira Swab a Barcelona. FOTO: PERE DURAN\" width=\"590\" height=\"392\" \/><\/a> <a href=\"http:\/\/fundaciolluiscoromina.org\/wp-content\/uploads\/2014\/10\/IN-SWAB-\u00a9Pere-Duran-P16.jpg\"><img loading=\"lazy\" decoding=\"async\" class=\"aligncenter size-large wp-image-2046\" src=\"http:\/\/fundaciolluiscoromina.org\/wp-content\/uploads\/2014\/10\/IN-SWAB-\u00a9Pere-Duran-P16-1024x682.jpg\" alt=\"02\/10\/14 Inauguraci\u0097 de la fira Swab a Barcelona. FOTO: PERE DURAN\" width=\"590\" height=\"392\" \/><\/a><\/p>\n","protected":false},"excerpt":{"rendered":"<p>Dins del marc de la Fira\u00a0Swab\u00a0que se celebra al pavell\u00f3 itali\u00e0 de Fira de Barcelona del 2 al 5 d\u2019octubre, &#8230;<\/p>\n","protected":false},"author":1,"featured_media":2050,"comment_status":"closed","ping_status":"closed","sticky":false,"template":"","format":"standard","meta":{"footnotes":""},"categories":[10],"tags":[],"class_list":["post-2044","post","type-post","status-publish","format-standard","has-post-thumbnail","hentry","category-activitats"],"_links":{"self":[{"href":"http:\/\/fundaciolluiscoromina.org\/index.php\/wp-json\/wp\/v2\/posts\/2044","targetHints":{"allow":["GET"]}}],"collection":[{"href":"http:\/\/fundaciolluiscoromina.org\/index.php\/wp-json\/wp\/v2\/posts"}],"about":[{"href":"http:\/\/fundaciolluiscoromina.org\/index.php\/wp-json\/wp\/v2\/types\/post"}],"author":[{"embeddable":true,"href":"http:\/\/fundaciolluiscoromina.org\/index.php\/wp-json\/wp\/v2\/users\/1"}],"replies":[{"embeddable":true,"href":"http:\/\/fundaciolluiscoromina.org\/index.php\/wp-json\/wp\/v2\/comments?post=2044"}],"version-history":[{"count":0,"href":"http:\/\/fundaciolluiscoromina.org\/index.php\/wp-json\/wp\/v2\/posts\/2044\/revisions"}],"wp:attachment":[{"href":"http:\/\/fundaciolluiscoromina.org\/index.php\/wp-json\/wp\/v2\/media?parent=2044"}],"wp:term":[{"taxonomy":"category","embeddable":true,"href":"http:\/\/fundaciolluiscoromina.org\/index.php\/wp-json\/wp\/v2\/categories?post=2044"},{"taxonomy":"post_tag","embeddable":true,"href":"http:\/\/fundaciolluiscoromina.org\/index.php\/wp-json\/wp\/v2\/tags?post=2044"}],"curies":[{"name":"wp","href":"https:\/\/api.w.org\/{rel}","templated":true}]}}