{"id":2056,"date":"2014-10-10T10:18:23","date_gmt":"2014-10-10T10:18:23","guid":{"rendered":"http:\/\/fundaciolluiscoromina.org\/?p=2056"},"modified":"2014-10-10T10:18:23","modified_gmt":"2014-10-10T10:18:23","slug":"jornades-dart-contemporani-i-subhasta-de-peces-de-lexposicio-artistes-outsiders","status":"publish","type":"post","link":"http:\/\/fundaciolluiscoromina.org\/index.php\/2014\/10\/10\/jornades-dart-contemporani-i-subhasta-de-peces-de-lexposicio-artistes-outsiders\/","title":{"rendered":"Jornades d&#8217;art contemporani i subhasta de peces de l&#8217;exposici\u00f3 Artistes Outsiders"},"content":{"rendered":"<p>El dissabte 18 d\u2019octubre de 2014, coincidint amb les festes de St Martiri\u00e0 de Banyoles, se celebraran unes jornades d\u2019art contemporani outsider i una subhasta a les dues seus de la Fundaci\u00f3 Llu\u00eds Coromina: al Puntal d\u2019Arts i a l\u2019Espai Eat Art respectivament.<\/p>\n<p>Pel que fa a les jornades, l&#8217;horari ser\u00e0 de 10.00 a 14.00, es faran al Puntal (c\/Girona, 161 de Banyoles) i comptar\u00e0 amb la participaci\u00f3 de:<\/p>\n<div>&#8211; Marcel\u00b7l\u00ed Ant\u00fanez: artista i especialista en art outsider.<\/div>\n<div>&#8211; Sandra Planas: artista outsider.<\/div>\n<div>&#8211; Hellen Baanders: artista i especialista en art especial.<\/div>\n<div>&#8211; Josep Santacreu: CEO de DKV i col\u00b7leccionista.<\/div>\n<div>&#8211; Eudald Camps: historiador i cr\u00edtic d&#8217;art.<\/div>\n<div>&#8211; Pep Mendoza: responsable de la Fundaci\u00f3 Mas Casadevall.<\/div>\n<div>&#8211; Isabel L\u00f3pez: responsable de la Fundaci\u00f3 Estany.<\/div>\n<div>&#8211; Ricard Planas: director de bonart i de la Fundaci\u00f3 Llu\u00eds Coromina.<\/p>\n<\/div>\n<div>D&#8217;altra banda, la subhasta es dur\u00e0 a terme a l&#8217;Espai Eat Art (Pl. Major, 33 de Banyoles) a les 18.00 amb la conducci\u00f3 de Ricard Planas.<\/p>\n<\/div>\n<div>Recordem que, avui 10 d&#8217;octubre, \u00e9s el dia mundial\u00a0de la salut mental. Des de la Fundaci\u00f3 Llu\u00eds Coromina, ens sumem a la celebraci\u00f3 d&#8217;aquest dia amb l&#8217;organitzaci\u00f3 d&#8217;aquests actes.<\/div>\n<div><\/div>\n<div><a href=\"http:\/\/fundaciolluiscoromina.org\/wp-content\/uploads\/2014\/10\/Invitaciodigitaltr.jpg\"><img loading=\"lazy\" decoding=\"async\" class=\"aligncenter size-large wp-image-2057\" src=\"http:\/\/fundaciolluiscoromina.org\/wp-content\/uploads\/2014\/10\/Invitaciodigitaltr-1024x974.jpg\" alt=\"Invitaciodigitaltr\" width=\"590\" height=\"561\" \/><\/a><\/div>\n","protected":false},"excerpt":{"rendered":"<p>El dissabte 18 d\u2019octubre de 2014, coincidint amb les festes de St Martiri\u00e0 de Banyoles, se celebraran unes jornades d\u2019art &#8230;<\/p>\n","protected":false},"author":1,"featured_media":1973,"comment_status":"closed","ping_status":"closed","sticky":false,"template":"","format":"standard","meta":{"footnotes":""},"categories":[9],"tags":[114,115,143,144,117,91,145,125,146,93,147,148,53,127],"class_list":["post-2056","post","type-post","status-publish","format-standard","has-post-thumbnail","hentry","category-historic","tag-art-outsider","tag-artistes-outsiders","tag-dia-mundial-de-la-salut-mental","tag-eudald-camps","tag-fundacio-estany","tag-fundacio-lluis-coromina","tag-fundacio-mas-casadevall","tag-hellen-baanders","tag-isabel-lopez","tag-josep-santacreu","tag-marcelli-antunez","tag-pep-mendoza","tag-ricard-planas","tag-sandra-planas"],"_links":{"self":[{"href":"http:\/\/fundaciolluiscoromina.org\/index.php\/wp-json\/wp\/v2\/posts\/2056","targetHints":{"allow":["GET"]}}],"collection":[{"href":"http:\/\/fundaciolluiscoromina.org\/index.php\/wp-json\/wp\/v2\/posts"}],"about":[{"href":"http:\/\/fundaciolluiscoromina.org\/index.php\/wp-json\/wp\/v2\/types\/post"}],"author":[{"embeddable":true,"href":"http:\/\/fundaciolluiscoromina.org\/index.php\/wp-json\/wp\/v2\/users\/1"}],"replies":[{"embeddable":true,"href":"http:\/\/fundaciolluiscoromina.org\/index.php\/wp-json\/wp\/v2\/comments?post=2056"}],"version-history":[{"count":0,"href":"http:\/\/fundaciolluiscoromina.org\/index.php\/wp-json\/wp\/v2\/posts\/2056\/revisions"}],"wp:attachment":[{"href":"http:\/\/fundaciolluiscoromina.org\/index.php\/wp-json\/wp\/v2\/media?parent=2056"}],"wp:term":[{"taxonomy":"category","embeddable":true,"href":"http:\/\/fundaciolluiscoromina.org\/index.php\/wp-json\/wp\/v2\/categories?post=2056"},{"taxonomy":"post_tag","embeddable":true,"href":"http:\/\/fundaciolluiscoromina.org\/index.php\/wp-json\/wp\/v2\/tags?post=2056"}],"curies":[{"name":"wp","href":"https:\/\/api.w.org\/{rel}","templated":true}]}}