{"id":215,"date":"2011-03-26T11:18:01","date_gmt":"2011-03-26T11:18:01","guid":{"rendered":"http:\/\/espaieatart.wordpress.com\/?p=215"},"modified":"2011-03-26T11:18:01","modified_gmt":"2011-03-26T11:18:01","slug":"pere-gifre-a-lespai-eatart-lluis-vila-de-banyolesinauguracio-1-dabril-2011","status":"publish","type":"post","link":"http:\/\/fundaciolluiscoromina.org\/index.php\/2011\/03\/26\/pere-gifre-a-lespai-eatart-lluis-vila-de-banyolesinauguracio-1-dabril-2011\/","title":{"rendered":"Pere Gifre, escultura i tecnologia amb ess\u00e8ncia d&#8217;ElBulli"},"content":{"rendered":"<p style=\"text-align:justify;\"><strong>Pere Gifre<\/strong> <em><strong>\u00abInterf\u00edcie en construcci\u00f3, ess\u00e8ncia ElBulli\u00bb <\/strong><\/em><span style=\"color:#333333;\">inauguraci\u00f3<\/span> divendres dia 1 d&#8217;abril 2011 a les 20h a l&#8217;Espai Eat Art LLu\u00eds Vil\u00e0, pla\u00e7a Major de Banyoles<em>.<\/em> La presentaci\u00f3 de l&#8217;acte anir\u00e0 a c\u00e0rrec d&#8217;Humberto\u00a0Schwab, fil\u00f2sof, investigador educatiu i dinamitzador empresarial holand\u00e8s (Barcelona Business Club) i Pere Arpa, Restaurant Ca l&#8217;Arpa (1 estrella Michelin) de Banyoles.<\/p>\n<p style=\"text-align:left;\">Col.laboradors: <em>Farinera Coromina, Ajuntament de Banyoles, bonart cultural, Empord\u00e0lia, Can Japet, elBulli.<\/em><\/p>\n<p style=\"text-align:center;\"><a href=\"http:\/\/espaieatart.files.wordpress.com\/2011\/03\/collage-targetc3b32.jpg\"><img loading=\"lazy\" decoding=\"async\" class=\"aligncenter size-large wp-image-225\" title=\"COLLAGE TARGET\u00d3 Pere Gifre\" src=\"http:\/\/espaieatart.files.wordpress.com\/2011\/03\/collage-targetc3b32.jpg?w=1024\" alt=\"\" width=\"737\" height=\"365\" \/><\/a><\/p>\n<p><a href=\"http:\/\/espaieatart.files.wordpress.com\/2011\/03\/collage-pg.jpg\"><img loading=\"lazy\" decoding=\"async\" class=\"aligncenter size-large wp-image-223\" title=\"COLLAGE Pere Gifre Espai eat Art Llu\u00eds Vil\u00e0 2011\" src=\"http:\/\/espaieatart.files.wordpress.com\/2011\/03\/collage-pg.jpg?w=1024\" alt=\"\" width=\"1024\" height=\"547\" \/><\/a><\/p>\n","protected":false},"excerpt":{"rendered":"<p>Pere Gifre \u00abInterf\u00edcie en construcci\u00f3, ess\u00e8ncia ElBulli\u00bb inauguraci\u00f3 divendres dia 1 d&#8217;abril 2011 a les 20h a l&#8217;Espai Eat Art &#8230;<\/p>\n","protected":false},"author":1,"featured_media":225,"comment_status":"open","ping_status":"open","sticky":false,"template":"","format":"standard","meta":{"footnotes":""},"categories":[9],"tags":[],"class_list":["post-215","post","type-post","status-publish","format-standard","has-post-thumbnail","hentry","category-historic"],"_links":{"self":[{"href":"http:\/\/fundaciolluiscoromina.org\/index.php\/wp-json\/wp\/v2\/posts\/215","targetHints":{"allow":["GET"]}}],"collection":[{"href":"http:\/\/fundaciolluiscoromina.org\/index.php\/wp-json\/wp\/v2\/posts"}],"about":[{"href":"http:\/\/fundaciolluiscoromina.org\/index.php\/wp-json\/wp\/v2\/types\/post"}],"author":[{"embeddable":true,"href":"http:\/\/fundaciolluiscoromina.org\/index.php\/wp-json\/wp\/v2\/users\/1"}],"replies":[{"embeddable":true,"href":"http:\/\/fundaciolluiscoromina.org\/index.php\/wp-json\/wp\/v2\/comments?post=215"}],"version-history":[{"count":0,"href":"http:\/\/fundaciolluiscoromina.org\/index.php\/wp-json\/wp\/v2\/posts\/215\/revisions"}],"wp:attachment":[{"href":"http:\/\/fundaciolluiscoromina.org\/index.php\/wp-json\/wp\/v2\/media?parent=215"}],"wp:term":[{"taxonomy":"category","embeddable":true,"href":"http:\/\/fundaciolluiscoromina.org\/index.php\/wp-json\/wp\/v2\/categories?post=215"},{"taxonomy":"post_tag","embeddable":true,"href":"http:\/\/fundaciolluiscoromina.org\/index.php\/wp-json\/wp\/v2\/tags?post=215"}],"curies":[{"name":"wp","href":"https:\/\/api.w.org\/{rel}","templated":true}]}}