{"id":2240,"date":"2011-03-05T22:10:36","date_gmt":"2011-03-05T22:10:36","guid":{"rendered":"http:\/\/espaieatart.wordpress.com\/?p=130"},"modified":"2011-03-05T22:10:36","modified_gmt":"2011-03-05T22:10:36","slug":"made-in-banyoles-carme-pujol-del-9-al-26-marc-2011","status":"publish","type":"post","link":"http:\/\/fundaciolluiscoromina.org\/index.php\/2011\/03\/05\/made-in-banyoles-carme-pujol-del-9-al-26-marc-2011\/","title":{"rendered":"L&#8217;artista Josep Niebla presenta l&#8217;exposici\u00f3 d&#8217;escultures de Carme Pujol, que estrena el cicle \u00abMade in Banyoles\u00bb"},"content":{"rendered":"<p>\u00abMade in Banyoles\u00bb \u00e9s una iniciativa de l&#8217;Espai Eat Art Llu\u00eds Vil\u00e0 de Banyoles, on es posa de relleu autors de Banyoles i del Pla de l&#8217;Estany que treballin alguna obra relacionada amb el fet o la simbologia de l&#8217;alimentaci\u00f3. No \u00e9s pr\u00f2piament una exposici\u00f3 entesa convencionalment sin\u00f3 que \u00e9s un showroom, una mena d&#8217;acci\u00f3-muntatge que durar\u00e0 entre tres setmanes i un mes i que posa tot l&#8217;\u00e8mfasi en una pe\u00e7a o unes poques peces.<\/p>\n<p><em>dates de l&#8217;exposici\u00f3: del 9 al 26 de mar\u00e7 de 2011<\/em><\/p>\n<p><a href=\"http:\/\/espaieatart.files.wordpress.com\/2011\/03\/carme-pujol-a-lespai-eat-art-lluc3ads-vilc3a0-9-de-marc3a7-2011.jpg\"><img loading=\"lazy\" decoding=\"async\" class=\"aligncenter size-large wp-image-141\" title=\"Carme Pujol a l'Espai Eat Art Llu\u00eds Vil\u00e0 9 de mar\u00e7 2011\" src=\"http:\/\/espaieatart.files.wordpress.com\/2011\/03\/carme-pujol-a-lespai-eat-art-lluc3ads-vilc3a0-9-de-marc3a7-2011.jpg?w=1024\" alt=\"\" width=\"1024\" height=\"784\" \/><\/a><a href=\"http:\/\/espaieatart.files.wordpress.com\/2011\/03\/targetc3b3-carme-pujol1.jpg\"><img loading=\"lazy\" decoding=\"async\" class=\"aligncenter size-large wp-image-131\" title=\"Carme Pujol 9 de mar\u00e7 2011 a l'Espai Eat Art Llu\u00eds Vil\u00e0\" src=\"http:\/\/espaieatart.files.wordpress.com\/2011\/03\/targetc3b3-carme-pujol1.jpg?w=1024\" alt=\"\" width=\"1024\" height=\"667\" \/><\/a><\/p>\n","protected":false},"excerpt":{"rendered":"<p>\u00abMade in Banyoles\u00bb \u00e9s una iniciativa de l&#8217;Espai Eat Art Llu\u00eds Vil\u00e0 de Banyoles, on es posa de relleu autors &#8230;<\/p>\n","protected":false},"author":1,"featured_media":141,"comment_status":"open","ping_status":"open","sticky":false,"template":"","format":"standard","meta":{"footnotes":""},"categories":[9],"tags":[],"class_list":["post-2240","post","type-post","status-publish","format-standard","has-post-thumbnail","hentry","category-historic"],"_links":{"self":[{"href":"http:\/\/fundaciolluiscoromina.org\/index.php\/wp-json\/wp\/v2\/posts\/2240","targetHints":{"allow":["GET"]}}],"collection":[{"href":"http:\/\/fundaciolluiscoromina.org\/index.php\/wp-json\/wp\/v2\/posts"}],"about":[{"href":"http:\/\/fundaciolluiscoromina.org\/index.php\/wp-json\/wp\/v2\/types\/post"}],"author":[{"embeddable":true,"href":"http:\/\/fundaciolluiscoromina.org\/index.php\/wp-json\/wp\/v2\/users\/1"}],"replies":[{"embeddable":true,"href":"http:\/\/fundaciolluiscoromina.org\/index.php\/wp-json\/wp\/v2\/comments?post=2240"}],"version-history":[{"count":0,"href":"http:\/\/fundaciolluiscoromina.org\/index.php\/wp-json\/wp\/v2\/posts\/2240\/revisions"}],"wp:attachment":[{"href":"http:\/\/fundaciolluiscoromina.org\/index.php\/wp-json\/wp\/v2\/media?parent=2240"}],"wp:term":[{"taxonomy":"category","embeddable":true,"href":"http:\/\/fundaciolluiscoromina.org\/index.php\/wp-json\/wp\/v2\/categories?post=2240"},{"taxonomy":"post_tag","embeddable":true,"href":"http:\/\/fundaciolluiscoromina.org\/index.php\/wp-json\/wp\/v2\/tags?post=2240"}],"curies":[{"name":"wp","href":"https:\/\/api.w.org\/{rel}","templated":true}]}}