{"id":2241,"date":"2011-03-08T09:15:20","date_gmt":"2011-03-08T09:15:20","guid":{"rendered":"http:\/\/espaieatart.wordpress.com\/?p=133"},"modified":"2011-03-08T09:15:20","modified_gmt":"2011-03-08T09:15:20","slug":"lalumnat-del-baldiri-reixac-sacosta-a-lart","status":"publish","type":"post","link":"http:\/\/fundaciolluiscoromina.org\/index.php\/2011\/03\/08\/lalumnat-del-baldiri-reixac-sacosta-a-lart\/","title":{"rendered":"Alumnes de l&#8217;escola Baldiri Reixac de Banyoles s&#8217;apropen a l&#8217;art comestible de Llu\u00eds Vil\u00e0 i en preparen una exposici\u00f3"},"content":{"rendered":"<p style=\"text-align:center;\"><a href=\"http:\/\/espaieatart.files.wordpress.com\/2011\/03\/suplement-aula-diari-de-girona.jpg\"><img loading=\"lazy\" decoding=\"async\" class=\"size-large wp-image-134 alignleft\" title=\"Escoles i Art a Banyoles \/ Suplement AULA diari de Girona mar\u00e7 2011\" src=\"http:\/\/espaieatart.files.wordpress.com\/2011\/03\/suplement-aula-diari-de-girona.jpg?w=772\" alt=\"\" width=\"498\" height=\"660\" \/><\/a><\/p>\n","protected":false},"excerpt":{"rendered":"","protected":false},"author":1,"featured_media":134,"comment_status":"open","ping_status":"open","sticky":false,"template":"","format":"standard","meta":{"footnotes":""},"categories":[9],"tags":[],"class_list":["post-2241","post","type-post","status-publish","format-standard","has-post-thumbnail","hentry","category-historic"],"_links":{"self":[{"href":"http:\/\/fundaciolluiscoromina.org\/index.php\/wp-json\/wp\/v2\/posts\/2241","targetHints":{"allow":["GET"]}}],"collection":[{"href":"http:\/\/fundaciolluiscoromina.org\/index.php\/wp-json\/wp\/v2\/posts"}],"about":[{"href":"http:\/\/fundaciolluiscoromina.org\/index.php\/wp-json\/wp\/v2\/types\/post"}],"author":[{"embeddable":true,"href":"http:\/\/fundaciolluiscoromina.org\/index.php\/wp-json\/wp\/v2\/users\/1"}],"replies":[{"embeddable":true,"href":"http:\/\/fundaciolluiscoromina.org\/index.php\/wp-json\/wp\/v2\/comments?post=2241"}],"version-history":[{"count":0,"href":"http:\/\/fundaciolluiscoromina.org\/index.php\/wp-json\/wp\/v2\/posts\/2241\/revisions"}],"wp:attachment":[{"href":"http:\/\/fundaciolluiscoromina.org\/index.php\/wp-json\/wp\/v2\/media?parent=2241"}],"wp:term":[{"taxonomy":"category","embeddable":true,"href":"http:\/\/fundaciolluiscoromina.org\/index.php\/wp-json\/wp\/v2\/categories?post=2241"},{"taxonomy":"post_tag","embeddable":true,"href":"http:\/\/fundaciolluiscoromina.org\/index.php\/wp-json\/wp\/v2\/tags?post=2241"}],"curies":[{"name":"wp","href":"https:\/\/api.w.org\/{rel}","templated":true}]}}