{"id":2242,"date":"2011-03-11T23:13:53","date_gmt":"2011-03-11T23:13:53","guid":{"rendered":"http:\/\/espaieatart.wordpress.com\/?p=147"},"modified":"2011-03-11T23:13:53","modified_gmt":"2011-03-11T23:13:53","slug":"lespai-eat-art-en-el-programa-tv-la-tribu-canal-catala-girona-pla","status":"publish","type":"post","link":"http:\/\/fundaciolluiscoromina.org\/index.php\/2011\/03\/11\/lespai-eat-art-en-el-programa-tv-la-tribu-canal-catala-girona-pla\/","title":{"rendered":"El programa \u00abla Tribu\u00bb del Canal Catal\u00e0, condu\u00eft per Jordi Xena, difon el projecte del nou Espai Eat Art &#8211; Llu\u00eds Vil\u00e0 de Banyoles"},"content":{"rendered":"<p>El periodista Jordi Xena, amic \u00edntim de l&#8217;artista Llu\u00eds Vil\u00e0, va entrevistar a Ricard Planas, director de l&#8217;Espai Eat Art LLu\u00eds Vil\u00e0 de Banyoles, per tal de donar a con\u00e8ixer el nou projecte d&#8217;aquest centre. L&#8217;entrevista es va fer en el programa \u00abLa tribu\u00bb de Canal Catal\u00e0 Girona &#8211; Pla de l&#8217;Estany i es va rodar a l&#8217;hotel Mirallac, al costat de l&#8217;Estany de Banyoles.<\/p>\n<p><a href=\"http:\/\/espaieatart.files.wordpress.com\/2011\/03\/la-tribu31.jpg\"><img loading=\"lazy\" decoding=\"async\" class=\"alignleft size-medium wp-image-155\" title=\"Programa LA TRIBU 11 mar\u00e7 2011 Canal catal\u00e0 Girona Pla\" src=\"http:\/\/espaieatart.files.wordpress.com\/2011\/03\/la-tribu31.jpg?w=300\" alt=\"\" width=\"285\" height=\"214\" \/><\/a><a href=\"http:\/\/espaieatart.files.wordpress.com\/2011\/03\/la-tribu21.jpg\"><img loading=\"lazy\" decoding=\"async\" class=\"size-medium wp-image-154 alignleft\" title=\"la tribu2\" src=\"http:\/\/espaieatart.files.wordpress.com\/2011\/03\/la-tribu21.jpg?w=300\" alt=\"\" width=\"285\" height=\"217\" \/><\/a><\/p>\n<p>&nbsp;<\/p>\n<p>&nbsp;<\/p>\n<p>&nbsp;<\/p>\n<p>&nbsp;<\/p>\n<p>Passi del programa:<em> Dissabte 12 de mar\u00e7 a les 16.20h repetici\u00f3.<\/em><\/p>\n","protected":false},"excerpt":{"rendered":"<p>El periodista Jordi Xena, amic \u00edntim de l&#8217;artista Llu\u00eds Vil\u00e0, va entrevistar a Ricard Planas, director de l&#8217;Espai Eat Art &#8230;<\/p>\n","protected":false},"author":1,"featured_media":155,"comment_status":"open","ping_status":"open","sticky":false,"template":"","format":"standard","meta":{"footnotes":""},"categories":[9],"tags":[],"class_list":["post-2242","post","type-post","status-publish","format-standard","has-post-thumbnail","hentry","category-historic"],"_links":{"self":[{"href":"http:\/\/fundaciolluiscoromina.org\/index.php\/wp-json\/wp\/v2\/posts\/2242","targetHints":{"allow":["GET"]}}],"collection":[{"href":"http:\/\/fundaciolluiscoromina.org\/index.php\/wp-json\/wp\/v2\/posts"}],"about":[{"href":"http:\/\/fundaciolluiscoromina.org\/index.php\/wp-json\/wp\/v2\/types\/post"}],"author":[{"embeddable":true,"href":"http:\/\/fundaciolluiscoromina.org\/index.php\/wp-json\/wp\/v2\/users\/1"}],"replies":[{"embeddable":true,"href":"http:\/\/fundaciolluiscoromina.org\/index.php\/wp-json\/wp\/v2\/comments?post=2242"}],"version-history":[{"count":0,"href":"http:\/\/fundaciolluiscoromina.org\/index.php\/wp-json\/wp\/v2\/posts\/2242\/revisions"}],"wp:attachment":[{"href":"http:\/\/fundaciolluiscoromina.org\/index.php\/wp-json\/wp\/v2\/media?parent=2242"}],"wp:term":[{"taxonomy":"category","embeddable":true,"href":"http:\/\/fundaciolluiscoromina.org\/index.php\/wp-json\/wp\/v2\/categories?post=2242"},{"taxonomy":"post_tag","embeddable":true,"href":"http:\/\/fundaciolluiscoromina.org\/index.php\/wp-json\/wp\/v2\/tags?post=2242"}],"curies":[{"name":"wp","href":"https:\/\/api.w.org\/{rel}","templated":true}]}}