{"id":2299,"date":"2015-04-20T08:47:26","date_gmt":"2015-04-20T06:47:26","guid":{"rendered":"http:\/\/www.fundaciolluiscoromina.org\/?p=2299"},"modified":"2015-04-20T08:47:26","modified_gmt":"2015-04-20T06:47:26","slug":"jaume-fabrega-presenta-el-llibre-la-cuina-del-1714-historia-i-receptes","status":"publish","type":"post","link":"http:\/\/fundaciolluiscoromina.org\/index.php\/2015\/04\/20\/jaume-fabrega-presenta-el-llibre-la-cuina-del-1714-historia-i-receptes\/","title":{"rendered":"Jaume F\u00e0brega presenta el llibre \u2018La cuina del 1714, Hist\u00f2ria i receptes\u2019"},"content":{"rendered":"<p>El cr\u00edtic gastron\u00f2mic Jaume F\u00e0brega va presentar aquest dissabte al migdia, dins els actes de la fira de gastronomia i art de Banyoles, \u201cLa Cuina del 1714\u2033 publicat per Viena Edicions. L\u2019esdeveniment va posar de manifest que el segle XVIII fou una \u00e8poca on el dol\u00e7 esdevingu\u00e9 quelcom essencial en els gustos de la poblaci\u00f3 i tamb\u00e9 es va posar de manifest que la m\u00edtica tortada de Banyoles fou concebuda durant aquella \u00e8poca. L\u2019alcalde de Banyoles Miquel Noguer va ser present a l\u2019acte, aix\u00ed com el president de la fundaci\u00f3, Llu\u00eds Coromina, entre altres.<\/p>\n<p><img loading=\"lazy\" decoding=\"async\" class=\"alignnone size-large wp-image-2303\" src=\"http:\/\/www.fundaciolluiscoromina.org\/wp-content\/uploads\/2015\/04\/Pre-Cuina-1714-P5-1024x682.jpg\" alt=\"Pre-Cuina-1714-P5\" width=\"1024\" height=\"682\" \/><\/p>\n","protected":false},"excerpt":{"rendered":"<p>El cr\u00edtic gastron\u00f2mic Jaume F\u00e0brega va presentar aquest dissabte al migdia, dins els actes de la fira de gastronomia i &#8230;<\/p>\n","protected":false},"author":1,"featured_media":2300,"comment_status":"open","ping_status":"open","sticky":false,"template":"","format":"standard","meta":{"footnotes":""},"categories":[10,12],"tags":[],"class_list":["post-2299","post","type-post","status-publish","format-standard","has-post-thumbnail","hentry","category-activitats","category-publicacions"],"_links":{"self":[{"href":"http:\/\/fundaciolluiscoromina.org\/index.php\/wp-json\/wp\/v2\/posts\/2299","targetHints":{"allow":["GET"]}}],"collection":[{"href":"http:\/\/fundaciolluiscoromina.org\/index.php\/wp-json\/wp\/v2\/posts"}],"about":[{"href":"http:\/\/fundaciolluiscoromina.org\/index.php\/wp-json\/wp\/v2\/types\/post"}],"author":[{"embeddable":true,"href":"http:\/\/fundaciolluiscoromina.org\/index.php\/wp-json\/wp\/v2\/users\/1"}],"replies":[{"embeddable":true,"href":"http:\/\/fundaciolluiscoromina.org\/index.php\/wp-json\/wp\/v2\/comments?post=2299"}],"version-history":[{"count":0,"href":"http:\/\/fundaciolluiscoromina.org\/index.php\/wp-json\/wp\/v2\/posts\/2299\/revisions"}],"wp:attachment":[{"href":"http:\/\/fundaciolluiscoromina.org\/index.php\/wp-json\/wp\/v2\/media?parent=2299"}],"wp:term":[{"taxonomy":"category","embeddable":true,"href":"http:\/\/fundaciolluiscoromina.org\/index.php\/wp-json\/wp\/v2\/categories?post=2299"},{"taxonomy":"post_tag","embeddable":true,"href":"http:\/\/fundaciolluiscoromina.org\/index.php\/wp-json\/wp\/v2\/tags?post=2299"}],"curies":[{"name":"wp","href":"https:\/\/api.w.org\/{rel}","templated":true}]}}