{"id":2309,"date":"2015-04-20T08:52:32","date_gmt":"2015-04-20T06:52:32","guid":{"rendered":"http:\/\/www.fundaciolluiscoromina.org\/?p=2309"},"modified":"2015-04-20T08:52:32","modified_gmt":"2015-04-20T06:52:32","slug":"el-govern-de-la-generalitat-de-catalunya-ha-concedit-la-creu-de-sant-jordi-a-lempresari-lluis-coromina-isern-president-de-la-fundacio","status":"publish","type":"post","link":"http:\/\/fundaciolluiscoromina.org\/index.php\/2015\/04\/20\/el-govern-de-la-generalitat-de-catalunya-ha-concedit-la-creu-de-sant-jordi-a-lempresari-lluis-coromina-isern-president-de-la-fundacio\/","title":{"rendered":"El Govern de la Generalitat de Catalunya ha concedit la Creu de Sant Jordi a l\u2019empresari Llu\u00eds Coromina Isern, president de la fundaci\u00f3"},"content":{"rendered":"<p>El Govern de la Generalitat de Catalunya ha concedit la Creu de Sant Jordi a l\u2019empresari Llu\u00eds Coromina Isern, president de la fundaci\u00f3 \u201cpel conjunt d\u2019una traject\u00f2ria compromesa amb les comarques gironines, amb especial dedicaci\u00f3 al m\u00f3n de l\u2019art i la cultura, l\u2019atenci\u00f3 a les persones i la preservaci\u00f3 de la fauna i el medi natural\u201d. Llu\u00eds Coromina impulsa la fundaci\u00f3, des del 2007, que canalitza aquestes activitats mitjan\u00e7ant la promoci\u00f3 i el patrocini de diverses iniciatives a Catalunya, el Brasil i la Rep\u00fablica de Guinea.<\/p>\n","protected":false},"excerpt":{"rendered":"<p>El Govern de la Generalitat de Catalunya ha concedit la Creu de Sant Jordi a l\u2019empresari Llu\u00eds Coromina Isern, president &#8230;<\/p>\n","protected":false},"author":1,"featured_media":2310,"comment_status":"open","ping_status":"open","sticky":false,"template":"","format":"standard","meta":{"footnotes":""},"categories":[10],"tags":[],"class_list":["post-2309","post","type-post","status-publish","format-standard","has-post-thumbnail","hentry","category-activitats"],"_links":{"self":[{"href":"http:\/\/fundaciolluiscoromina.org\/index.php\/wp-json\/wp\/v2\/posts\/2309","targetHints":{"allow":["GET"]}}],"collection":[{"href":"http:\/\/fundaciolluiscoromina.org\/index.php\/wp-json\/wp\/v2\/posts"}],"about":[{"href":"http:\/\/fundaciolluiscoromina.org\/index.php\/wp-json\/wp\/v2\/types\/post"}],"author":[{"embeddable":true,"href":"http:\/\/fundaciolluiscoromina.org\/index.php\/wp-json\/wp\/v2\/users\/1"}],"replies":[{"embeddable":true,"href":"http:\/\/fundaciolluiscoromina.org\/index.php\/wp-json\/wp\/v2\/comments?post=2309"}],"version-history":[{"count":0,"href":"http:\/\/fundaciolluiscoromina.org\/index.php\/wp-json\/wp\/v2\/posts\/2309\/revisions"}],"wp:attachment":[{"href":"http:\/\/fundaciolluiscoromina.org\/index.php\/wp-json\/wp\/v2\/media?parent=2309"}],"wp:term":[{"taxonomy":"category","embeddable":true,"href":"http:\/\/fundaciolluiscoromina.org\/index.php\/wp-json\/wp\/v2\/categories?post=2309"},{"taxonomy":"post_tag","embeddable":true,"href":"http:\/\/fundaciolluiscoromina.org\/index.php\/wp-json\/wp\/v2\/tags?post=2309"}],"curies":[{"name":"wp","href":"https:\/\/api.w.org\/{rel}","templated":true}]}}