{"id":2312,"date":"2015-04-25T08:53:43","date_gmt":"2015-04-25T06:53:43","guid":{"rendered":"http:\/\/www.fundaciolluiscoromina.org\/?p=2312"},"modified":"2015-04-25T08:53:43","modified_gmt":"2015-04-25T06:53:43","slug":"inauguracio-de-lexposicio-lletra-viva-a-carrec-de-julia-batlles-basada-en-la-poesia-de-salvador-oliva","status":"publish","type":"post","link":"http:\/\/fundaciolluiscoromina.org\/index.php\/2015\/04\/25\/inauguracio-de-lexposicio-lletra-viva-a-carrec-de-julia-batlles-basada-en-la-poesia-de-salvador-oliva\/","title":{"rendered":"Inauguraci\u00f3 de l\u2019exposici\u00f3 LLETRA VIVA a c\u00e0rrec de J\u00falia Batlles, basada en la poesia de Salvador Oliva"},"content":{"rendered":"<p>El passat dimarts es va inaugurar l\u2019exposici\u00f3 LLETRA VIVA, a c\u00e0rrec de la J\u00falia Batlles a l\u2019Espai Eat Art. L\u2019exposici\u00f3, que es podr\u00e0 visitar fins a finals de maig, \u00e9s una mostra creativa d\u2019un projecte que integra el disseny gr\u00e0fic, la poesia de Salvador Oliva i la participaci\u00f3 ciutadana en la Diada de Sant Jordi.<\/p>\n<p><a href=\"http:\/\/www.fundaciolluiscoromina.org\/wp-content\/uploads\/2015\/04\/In-Lletra-Viva-\u00a9Pere-Duran-P2-1024x682.jpg\"><img loading=\"lazy\" decoding=\"async\" class=\"alignnone size-full wp-image-2315\" src=\"http:\/\/www.fundaciolluiscoromina.org\/wp-content\/uploads\/2015\/04\/In-Lletra-Viva-\u00a9Pere-Duran-P2-1024x682.jpg\" alt=\"In-Lletra-Viva-\u00a9Pere-Duran-P2-1024x682\" width=\"1024\" height=\"682\" \/><\/a> <a href=\"http:\/\/www.fundaciolluiscoromina.org\/wp-content\/uploads\/2015\/04\/In-Lletra-Viva-\u00a9Pere-Duran-P3-1024x656.jpg\"><img loading=\"lazy\" decoding=\"async\" class=\"alignnone size-large wp-image-2317\" src=\"http:\/\/www.fundaciolluiscoromina.org\/wp-content\/uploads\/2015\/04\/In-Lletra-Viva-\u00a9Pere-Duran-P3-1024x656.jpg\" alt=\"In-Lletra-Viva-\u00a9Pere-Duran-P3-1024x656\" width=\"1024\" height=\"656\" \/><\/a> <a href=\"http:\/\/www.fundaciolluiscoromina.org\/wp-content\/uploads\/2015\/04\/In-Lletra-Viva-\u00a9Pere-Duran-P4-1024x641.jpg\"><img loading=\"lazy\" decoding=\"async\" class=\"alignnone size-large wp-image-2318\" src=\"http:\/\/www.fundaciolluiscoromina.org\/wp-content\/uploads\/2015\/04\/In-Lletra-Viva-\u00a9Pere-Duran-P4-1024x641.jpg\" alt=\"In-Lletra-Viva-\u00a9Pere-Duran-P4-1024x641\" width=\"1024\" height=\"641\" \/><\/a> <a href=\"http:\/\/www.fundaciolluiscoromina.org\/wp-content\/uploads\/2015\/04\/In-Lletra-Viva-\u00a9Pere-Duran-P5-1024x682.jpg\"><img loading=\"lazy\" decoding=\"async\" class=\"alignnone size-large wp-image-2319\" src=\"http:\/\/www.fundaciolluiscoromina.org\/wp-content\/uploads\/2015\/04\/In-Lletra-Viva-\u00a9Pere-Duran-P5-1024x682.jpg\" alt=\"In-Lletra-Viva-\u00a9Pere-Duran-P5-1024x682\" width=\"1024\" height=\"682\" \/><\/a> <a href=\"http:\/\/www.fundaciolluiscoromina.org\/wp-content\/uploads\/2015\/04\/In-Lletra-Viva-\u00a9Pere-Duran-P6-668x1024.jpg\"><img loading=\"lazy\" decoding=\"async\" class=\"alignnone size-large wp-image-2320\" src=\"http:\/\/www.fundaciolluiscoromina.org\/wp-content\/uploads\/2015\/04\/In-Lletra-Viva-\u00a9Pere-Duran-P6-668x1024.jpg\" alt=\"In-Lletra-Viva-\u00a9Pere-Duran-P6-668x1024\" width=\"668\" height=\"1024\" \/><\/a> <a href=\"http:\/\/www.fundaciolluiscoromina.org\/wp-content\/uploads\/2015\/04\/In-Lletra-Viva-\u00a9Pere-Duran-P7-1024x682.jpg\"><img loading=\"lazy\" decoding=\"async\" class=\"alignnone size-large wp-image-2321\" src=\"http:\/\/www.fundaciolluiscoromina.org\/wp-content\/uploads\/2015\/04\/In-Lletra-Viva-\u00a9Pere-Duran-P7-1024x682.jpg\" alt=\"In-Lletra-Viva-\u00a9Pere-Duran-P7-1024x682\" width=\"1024\" height=\"682\" \/><\/a> <a href=\"http:\/\/www.fundaciolluiscoromina.org\/wp-content\/uploads\/2015\/04\/In-Lletra-Viva-\u00a9Pere-Duran-P9-1024x682.jpg\"><img loading=\"lazy\" decoding=\"async\" class=\"alignnone size-large wp-image-2322\" src=\"http:\/\/www.fundaciolluiscoromina.org\/wp-content\/uploads\/2015\/04\/In-Lletra-Viva-\u00a9Pere-Duran-P9-1024x682.jpg\" alt=\"In-Lletra-Viva-\u00a9Pere-Duran-P9-1024x682\" width=\"1024\" height=\"682\" \/><\/a> <a href=\"http:\/\/www.fundaciolluiscoromina.org\/wp-content\/uploads\/2015\/04\/In-Lletra-Viva-\u00a9Pere-Duran-P10-1024x682.jpg\"><img loading=\"lazy\" decoding=\"async\" class=\"alignnone size-large wp-image-2323\" src=\"http:\/\/www.fundaciolluiscoromina.org\/wp-content\/uploads\/2015\/04\/In-Lletra-Viva-\u00a9Pere-Duran-P10-1024x682.jpg\" alt=\"In-Lletra-Viva-\u00a9Pere-Duran-P10-1024x682\" width=\"1024\" height=\"682\" \/><\/a><\/p>\n","protected":false},"excerpt":{"rendered":"<p>El passat dimarts es va inaugurar l\u2019exposici\u00f3 LLETRA VIVA, a c\u00e0rrec de la J\u00falia Batlles a l\u2019Espai Eat Art. L\u2019exposici\u00f3, &#8230;<\/p>\n","protected":false},"author":1,"featured_media":2313,"comment_status":"open","ping_status":"open","sticky":false,"template":"","format":"standard","meta":{"footnotes":""},"categories":[10],"tags":[],"class_list":["post-2312","post","type-post","status-publish","format-standard","has-post-thumbnail","hentry","category-activitats"],"_links":{"self":[{"href":"http:\/\/fundaciolluiscoromina.org\/index.php\/wp-json\/wp\/v2\/posts\/2312","targetHints":{"allow":["GET"]}}],"collection":[{"href":"http:\/\/fundaciolluiscoromina.org\/index.php\/wp-json\/wp\/v2\/posts"}],"about":[{"href":"http:\/\/fundaciolluiscoromina.org\/index.php\/wp-json\/wp\/v2\/types\/post"}],"author":[{"embeddable":true,"href":"http:\/\/fundaciolluiscoromina.org\/index.php\/wp-json\/wp\/v2\/users\/1"}],"replies":[{"embeddable":true,"href":"http:\/\/fundaciolluiscoromina.org\/index.php\/wp-json\/wp\/v2\/comments?post=2312"}],"version-history":[{"count":0,"href":"http:\/\/fundaciolluiscoromina.org\/index.php\/wp-json\/wp\/v2\/posts\/2312\/revisions"}],"wp:attachment":[{"href":"http:\/\/fundaciolluiscoromina.org\/index.php\/wp-json\/wp\/v2\/media?parent=2312"}],"wp:term":[{"taxonomy":"category","embeddable":true,"href":"http:\/\/fundaciolluiscoromina.org\/index.php\/wp-json\/wp\/v2\/categories?post=2312"},{"taxonomy":"post_tag","embeddable":true,"href":"http:\/\/fundaciolluiscoromina.org\/index.php\/wp-json\/wp\/v2\/tags?post=2312"}],"curies":[{"name":"wp","href":"https:\/\/api.w.org\/{rel}","templated":true}]}}