{"id":2325,"date":"2015-04-27T08:56:12","date_gmt":"2015-04-27T06:56:12","guid":{"rendered":"http:\/\/www.fundaciolluiscoromina.org\/?p=2325"},"modified":"2015-04-27T08:56:12","modified_gmt":"2015-04-27T06:56:12","slug":"recital-de-poemes-de-salvador-oliva-a-lespai-eat-art-el-dia-de-sant-jordi","status":"publish","type":"post","link":"http:\/\/fundaciolluiscoromina.org\/index.php\/2015\/04\/27\/recital-de-poemes-de-salvador-oliva-a-lespai-eat-art-el-dia-de-sant-jordi\/","title":{"rendered":"Recital de poemes de Salvador Oliva a l\u2019Espai Eat Art el dia de Sant Jordi"},"content":{"rendered":"<p>El passat dijous, dia de Sant Jordi, vam reviure Lletra Viva a l\u2019Espai Eat Art amb un recital de poemes de Salvador Oliva, a c\u00e0rrec d\u2019Albert Pons, professor de llengua catalana, N\u00faria Vila, fil\u00f2loga catalana i Tere C\u00e0novas, alumna de 6\u00e8 de prim\u00e0ria a l\u2019escola de la Draga de Banyoles.<\/p>\n<p><a href=\"http:\/\/www.fundaciolluiscoromina.org\/wp-content\/uploads\/2015\/04\/foto-1-1024x768.jpg\"><img loading=\"lazy\" decoding=\"async\" class=\"alignnone size-full wp-image-2328\" src=\"http:\/\/www.fundaciolluiscoromina.org\/wp-content\/uploads\/2015\/04\/foto-1-1024x768.jpg\" alt=\"foto-1-1024x768\" width=\"1024\" height=\"768\" \/><\/a> <a href=\"http:\/\/www.fundaciolluiscoromina.org\/wp-content\/uploads\/2015\/04\/foto-4-1024x768.jpg\"><img loading=\"lazy\" decoding=\"async\" class=\"alignnone size-large wp-image-2329\" src=\"http:\/\/www.fundaciolluiscoromina.org\/wp-content\/uploads\/2015\/04\/foto-4-1024x768.jpg\" alt=\"foto-4-1024x768\" width=\"1024\" height=\"768\" \/><\/a><\/p>\n","protected":false},"excerpt":{"rendered":"<p>El passat dijous, dia de Sant Jordi, vam reviure Lletra Viva a l\u2019Espai Eat Art amb un recital de poemes &#8230;<\/p>\n","protected":false},"author":1,"featured_media":2326,"comment_status":"open","ping_status":"open","sticky":false,"template":"","format":"standard","meta":{"footnotes":""},"categories":[10],"tags":[],"class_list":["post-2325","post","type-post","status-publish","format-standard","has-post-thumbnail","hentry","category-activitats"],"_links":{"self":[{"href":"http:\/\/fundaciolluiscoromina.org\/index.php\/wp-json\/wp\/v2\/posts\/2325","targetHints":{"allow":["GET"]}}],"collection":[{"href":"http:\/\/fundaciolluiscoromina.org\/index.php\/wp-json\/wp\/v2\/posts"}],"about":[{"href":"http:\/\/fundaciolluiscoromina.org\/index.php\/wp-json\/wp\/v2\/types\/post"}],"author":[{"embeddable":true,"href":"http:\/\/fundaciolluiscoromina.org\/index.php\/wp-json\/wp\/v2\/users\/1"}],"replies":[{"embeddable":true,"href":"http:\/\/fundaciolluiscoromina.org\/index.php\/wp-json\/wp\/v2\/comments?post=2325"}],"version-history":[{"count":0,"href":"http:\/\/fundaciolluiscoromina.org\/index.php\/wp-json\/wp\/v2\/posts\/2325\/revisions"}],"wp:attachment":[{"href":"http:\/\/fundaciolluiscoromina.org\/index.php\/wp-json\/wp\/v2\/media?parent=2325"}],"wp:term":[{"taxonomy":"category","embeddable":true,"href":"http:\/\/fundaciolluiscoromina.org\/index.php\/wp-json\/wp\/v2\/categories?post=2325"},{"taxonomy":"post_tag","embeddable":true,"href":"http:\/\/fundaciolluiscoromina.org\/index.php\/wp-json\/wp\/v2\/tags?post=2325"}],"curies":[{"name":"wp","href":"https:\/\/api.w.org\/{rel}","templated":true}]}}