{"id":2401,"date":"2015-05-09T13:04:21","date_gmt":"2015-05-09T11:04:21","guid":{"rendered":"http:\/\/www.fundaciolluiscoromina.org\/?p=2401"},"modified":"2015-05-09T13:04:21","modified_gmt":"2015-05-09T11:04:21","slug":"acte-dentrega-de-la-creu-de-sant-jordi-a-el-president-de-la-fundacio-coromina","status":"publish","type":"post","link":"http:\/\/fundaciolluiscoromina.org\/index.php\/2015\/05\/09\/acte-dentrega-de-la-creu-de-sant-jordi-a-el-president-de-la-fundacio-coromina\/","title":{"rendered":"Resum de l&#8217;acte d&#8217;entrega de la Creu de Sant Jordi a Llu\u00eds Coromina Isern"},"content":{"rendered":"<p>El president de la Generalitat, Artur Mas, ha lliurat la Creu de Sant Jordi, un dels m\u00e0xims reconeixements que pot rebre una persona per part de la Generalitat de Catalunya, al president de la fundaci\u00f3, Llu\u00eds Coromina Isern. L\u2019acte va tenir lloc al Gran Teatre del Liceu de Barcelona el passat dilluns dia 4 de maig.<\/p>\n<p><a href=\"http:\/\/www.fundaciolluiscoromina.org\/wp-content\/uploads\/2015\/05\/Creu-S-Jordi-\u00a9Pere-Duran-P3.jpg\"><img loading=\"lazy\" decoding=\"async\" class=\"aligncenter wp-image-2403 size-large\" src=\"http:\/\/www.fundaciolluiscoromina.org\/wp-content\/uploads\/2015\/05\/Creu-S-Jordi-\u00a9Pere-Duran-P3-1024x666.jpg\" alt=\"\" width=\"1024\" height=\"666\" \/><\/a><\/p>\n<p class=\"mce\">Un total de 27 persones i 15 institucions han rebut enguany la Creu de Sant Jordi. Entre els guardonats destaquen tres noms molt lligats al teatre i la televisi\u00f3, com Joan Pera, Emma Vilarasau i Merc\u00e8 Sampietro. Tamb\u00e9 hi ha un altre nom lligat al m\u00f3n de l&#8217;escena, com Llu\u00eds Pasqual, l&#8217;advocat, economista i pol\u00edtic Llibert Cuatrecasas, i l&#8217;empresari Carles Vilarrub\u00ed, vicepresident del Bar\u00e7a.<\/p>\n<p><a href=\"http:\/\/www.fundaciolluiscoromina.org\/wp-content\/uploads\/2015\/05\/Creu-S-Jordi-\u00a9Pere-Duran-P11.jpg\"><img loading=\"lazy\" decoding=\"async\" class=\"aligncenter wp-image-2409 size-large\" src=\"http:\/\/www.fundaciolluiscoromina.org\/wp-content\/uploads\/2015\/05\/Creu-S-Jordi-\u00a9Pere-Duran-P11-1024x683.jpg\" alt=\"\" width=\"1024\" height=\"683\" \/><\/a><\/p>\n<p><a href=\"http:\/\/www.fundaciolluiscoromina.org\/wp-content\/uploads\/2015\/05\/Creu-S-Jordi-\u00a9Pere-Duran-P5.jpg\"><img loading=\"lazy\" decoding=\"async\" class=\"aligncenter wp-image-2405 size-large\" src=\"http:\/\/www.fundaciolluiscoromina.org\/wp-content\/uploads\/2015\/05\/Creu-S-Jordi-\u00a9Pere-Duran-P5-1024x683.jpg\" alt=\"\" width=\"1024\" height=\"683\" \/><\/a><\/p>\n<p class=\"mce\">A m\u00e9s, tamb\u00e9 han rebut la distinci\u00f3 de la Generalitat el ceramista Jordi Aguad\u00e9; el realitzador i editor de cinema Josep Miquel Aixal\u00e0; el sacerdot Josep Maria Aragon\u00e8s; el professor de traducci\u00f3 liter\u00e0ria Peter Bush; La ling\u00fcista Maria Teresa Cabr\u00e9; el concertista i catedr\u00e0tic de piano Ramon Coll; l&#8217;empresari i diplom\u00e0tic Manuel Antoni Condeminas; l&#8217;empresari ik filantrop Llu\u00eds Coromina; el galerista i editor Joan de Muga; el metge i promotor cultural Eudald Maideu; L&#8217;arxiver, historiador i poeta Jes\u00fas Massip; l&#8217;activista cultural Vicenta Pallar\u00e8s; l&#8217;arquitecta i urbanista Carme Pin\u00f3s; el periodista Agust\u00ed Pons; el director de la Cambra de Comer\u00e7 i i Ind\u00fastria Francesa a Barcelona, Philippe Saman; l&#8217;escriptor Lloren\u00e7 S\u00e1nchez; la productors, escriptora i agent liter\u00e0ria Anna Soler-Pont, i als metges Carles Vallbona i Miquel Vilardell.<\/p>\n<p class=\"mce\">L&#8217;Executiu catal\u00e0 atorga anualment la Creu de Sant Jordi a personalitats o entitats que hagin destacat pels serveis prestats a Catalunya en la defensa de la seva identitat o, m\u00e9s generalment, en l&#8217;\u00e0mbit c\u00edvic i cultural<\/p>\n<p class=\"mce\"><a href=\"http:\/\/www.ccma.cat\/tv3\/alacarta\/creus-de-sant-jordi-2015\/acte-de-lliurament-de-les-creus-de-sant-jordi-2015\/video\/5517678\/\">Clica aqu\u00ed per veure l&#8217;acte de lliurament de les Creus de Sant Jordi<\/a><\/p>\n<p>&nbsp;<\/p>\n<p class=\"mce\"><a href=\"http:\/\/www.fundaciolluiscoromina.org\/wp-content\/uploads\/2015\/05\/8.jpg\"><img loading=\"lazy\" decoding=\"async\" class=\"aligncenter wp-image-2411 size-large\" src=\"http:\/\/www.fundaciolluiscoromina.org\/wp-content\/uploads\/2015\/05\/8-1024x683.jpg\" alt=\"8\" width=\"1024\" height=\"683\" \/><\/a><\/p>\n<p><a href=\"http:\/\/www.fundaciolluiscoromina.org\/wp-content\/uploads\/2015\/05\/Creu-S-Jordi-\u00a9Pere-Duran-P1.jpg\"><img loading=\"lazy\" decoding=\"async\" class=\"aligncenter wp-image-2402 size-large\" src=\"http:\/\/www.fundaciolluiscoromina.org\/wp-content\/uploads\/2015\/05\/Creu-S-Jordi-\u00a9Pere-Duran-P1-1024x665.jpg\" alt=\"\" width=\"1024\" height=\"665\" \/><\/a><\/p>\n<p><a href=\"http:\/\/www.fundaciolluiscoromina.org\/wp-content\/uploads\/2015\/05\/Creu-S-Jordi-\u00a9Pere-Duran-P4.jpg\"><img loading=\"lazy\" decoding=\"async\" class=\"aligncenter wp-image-2404 size-large\" src=\"http:\/\/www.fundaciolluiscoromina.org\/wp-content\/uploads\/2015\/05\/Creu-S-Jordi-\u00a9Pere-Duran-P4-1024x660.jpg\" alt=\"\" width=\"1024\" height=\"660\" \/><\/a><\/p>\n<p><a href=\"http:\/\/www.fundaciolluiscoromina.org\/wp-content\/uploads\/2015\/05\/Creu-S-Jordi-\u00a9Pere-Duran-P10.jpg\"><img loading=\"lazy\" decoding=\"async\" class=\"aligncenter wp-image-2408 size-large\" src=\"http:\/\/www.fundaciolluiscoromina.org\/wp-content\/uploads\/2015\/05\/Creu-S-Jordi-\u00a9Pere-Duran-P10-1024x683.jpg\" alt=\"\" width=\"1024\" height=\"683\" \/><\/a><\/p>\n<p><a href=\"http:\/\/www.fundaciolluiscoromina.org\/wp-content\/uploads\/2015\/05\/Creu-S-Jordi-\u00a9Pere-Duran-P12.jpg\"><img loading=\"lazy\" decoding=\"async\" class=\"aligncenter wp-image-2410 size-large\" src=\"http:\/\/www.fundaciolluiscoromina.org\/wp-content\/uploads\/2015\/05\/Creu-S-Jordi-\u00a9Pere-Duran-P12-1024x683.jpg\" alt=\"\" width=\"1024\" height=\"683\" \/><\/a><\/p>\n<p>&nbsp;<\/p>\n","protected":false},"excerpt":{"rendered":"<p>El president de la Generalitat, Artur Mas, ha lliurat la Creu de Sant Jordi, un dels m\u00e0xims reconeixements que pot &#8230;<\/p>\n","protected":false},"author":2,"featured_media":2406,"comment_status":"open","ping_status":"open","sticky":false,"template":"","format":"standard","meta":{"footnotes":""},"categories":[10],"tags":[154,155,156,157,158,94],"class_list":["post-2401","post","type-post","status-publish","format-standard","has-post-thumbnail","hentry","category-activitats","tag-artur-mas","tag-creu-de-sant-jordi","tag-ferran-mascarell","tag-liceu","tag-premi","tag-santi-vila"],"_links":{"self":[{"href":"http:\/\/fundaciolluiscoromina.org\/index.php\/wp-json\/wp\/v2\/posts\/2401","targetHints":{"allow":["GET"]}}],"collection":[{"href":"http:\/\/fundaciolluiscoromina.org\/index.php\/wp-json\/wp\/v2\/posts"}],"about":[{"href":"http:\/\/fundaciolluiscoromina.org\/index.php\/wp-json\/wp\/v2\/types\/post"}],"author":[{"embeddable":true,"href":"http:\/\/fundaciolluiscoromina.org\/index.php\/wp-json\/wp\/v2\/users\/2"}],"replies":[{"embeddable":true,"href":"http:\/\/fundaciolluiscoromina.org\/index.php\/wp-json\/wp\/v2\/comments?post=2401"}],"version-history":[{"count":0,"href":"http:\/\/fundaciolluiscoromina.org\/index.php\/wp-json\/wp\/v2\/posts\/2401\/revisions"}],"wp:attachment":[{"href":"http:\/\/fundaciolluiscoromina.org\/index.php\/wp-json\/wp\/v2\/media?parent=2401"}],"wp:term":[{"taxonomy":"category","embeddable":true,"href":"http:\/\/fundaciolluiscoromina.org\/index.php\/wp-json\/wp\/v2\/categories?post=2401"},{"taxonomy":"post_tag","embeddable":true,"href":"http:\/\/fundaciolluiscoromina.org\/index.php\/wp-json\/wp\/v2\/tags?post=2401"}],"curies":[{"name":"wp","href":"https:\/\/api.w.org\/{rel}","templated":true}]}}