{"id":2417,"date":"2015-05-09T13:36:35","date_gmt":"2015-05-09T11:36:35","guid":{"rendered":"http:\/\/www.fundaciolluiscoromina.org\/?p=2417"},"modified":"2015-05-09T13:36:35","modified_gmt":"2015-05-09T11:36:35","slug":"la-fundacio-al-costat-de-lartista-en-la-56a-edicio-de-la-biennal-de-venecia","status":"publish","type":"post","link":"http:\/\/fundaciolluiscoromina.org\/index.php\/2015\/05\/09\/la-fundacio-al-costat-de-lartista-en-la-56a-edicio-de-la-biennal-de-venecia\/","title":{"rendered":"La Fundaci\u00f3 al costat d&#8217;Albert Serra, en la 56a edici\u00f3 de la Biennal de Ven\u00e8cia"},"content":{"rendered":"<p>El projecte de l&#8217;artista, que s&#8217;ha muntat \u00edntegrament a les oficines que Serra t\u00e9 a l&#8217;edifici Puntal LAB de la Fundaci\u00f3 Llu\u00eds Coromina de Banyoles, convida el p\u00fablic a<strong> reflexionar sobre el canvi cultural de les societats modernes<\/strong> on les m\u00e0quines tenen cada cop m\u00e9s import\u00e0ncia. Es tracta d&#8217;un esdeveniment col\u00b7lateral que es pot veure a la ciutat de Ven\u00e8cia de la m\u00e0 de l&#8217;Institut Ramon Llull. L&#8217;autor pret\u00e9n que l&#8217;espectador <strong>analitzi la p\u00e8rdua d&#8217;autonomia davant de les m\u00e0quines<\/strong> i els dispositius moderns.<\/p>\n<p>Chus Mart\u00ednez \u00e9s la curadora d&#8217;aquesta gran instal\u00b7laci\u00f3 audiovisual que es projecte en <strong>cinc pantalles<\/strong>. Quatre de les projeccions s\u00f3n de tres hores de durada, mentre que l&#8217;altra \u00e9s una mica m\u00e9s curta. Tal com explica Serra, aquestes<strong> pantalles constitueixen \u00abidees que estan en fugida<\/strong> i que no tornen, que s\u00f3n llan\u00e7ades igual que passa al segle XXI\u00bb. Per fer les obres Serra ha comptat novament amb actors no professionals molts dels quals provenen del Pla de l&#8217;Estany.<\/p>\n<p>Llu\u00eds Coromina, copropietari de l&#8217;empresa Andergraun Films que impulsa les pel\u00b7l\u00edcules d&#8217;Albert Serra, va ser present a la presentaci\u00f3 de<em> &#8216;La Singularitat&#8217;, <\/em>l&#8217;obra audiovisual que representa a Catalunya a la <a href=\"http:\/\/www.labiennale.org\/it\/Home.html\" target=\"_blank\">56a Biennal de Ven\u00e8cia i <\/a>que es celebra del 9 de maig fins al 22 de novembre de 2015 a la ciutat dels canals.<\/p>\n<p>&nbsp;<\/p>\n<p><a href=\"http:\/\/www.fundaciolluiscoromina.org\/wp-content\/uploads\/2015\/05\/foto-4.jpg\"><img loading=\"lazy\" decoding=\"async\" class=\"aligncenter wp-image-2422 size-large\" src=\"http:\/\/www.fundaciolluiscoromina.org\/wp-content\/uploads\/2015\/05\/foto-4-1024x768.jpg\" alt=\"foto 4\" width=\"1024\" height=\"768\" \/><\/a> <a href=\"http:\/\/www.fundaciolluiscoromina.org\/wp-content\/uploads\/2015\/05\/foto-2.jpg\"><img loading=\"lazy\" decoding=\"async\" class=\"aligncenter wp-image-2421 size-large\" src=\"http:\/\/www.fundaciolluiscoromina.org\/wp-content\/uploads\/2015\/05\/foto-2-1024x768.jpg\" alt=\"foto 2\" width=\"1024\" height=\"768\" \/><\/a> <a href=\"http:\/\/www.fundaciolluiscoromina.org\/wp-content\/uploads\/2015\/05\/foto-1.jpg\"><img loading=\"lazy\" decoding=\"async\" class=\"aligncenter wp-image-2420 size-large\" src=\"http:\/\/www.fundaciolluiscoromina.org\/wp-content\/uploads\/2015\/05\/foto-1-1024x768.jpg\" alt=\"foto 1\" width=\"1024\" height=\"768\" \/><\/a><\/p>\n","protected":false},"excerpt":{"rendered":"<p>El projecte de l&#8217;artista, que s&#8217;ha muntat \u00edntegrament a les oficines que Serra t\u00e9 a l&#8217;edifici Puntal LAB de la &#8230;<\/p>\n","protected":false},"author":2,"featured_media":2419,"comment_status":"open","ping_status":"open","sticky":false,"template":"","format":"standard","meta":{"footnotes":""},"categories":[14,10],"tags":[159,160,161],"class_list":["post-2417","post","type-post","status-publish","format-standard","has-post-thumbnail","hentry","category-accions-culturals","category-activitats","tag-albert-serra","tag-biennal-de-venecia","tag-singularitat"],"_links":{"self":[{"href":"http:\/\/fundaciolluiscoromina.org\/index.php\/wp-json\/wp\/v2\/posts\/2417","targetHints":{"allow":["GET"]}}],"collection":[{"href":"http:\/\/fundaciolluiscoromina.org\/index.php\/wp-json\/wp\/v2\/posts"}],"about":[{"href":"http:\/\/fundaciolluiscoromina.org\/index.php\/wp-json\/wp\/v2\/types\/post"}],"author":[{"embeddable":true,"href":"http:\/\/fundaciolluiscoromina.org\/index.php\/wp-json\/wp\/v2\/users\/2"}],"replies":[{"embeddable":true,"href":"http:\/\/fundaciolluiscoromina.org\/index.php\/wp-json\/wp\/v2\/comments?post=2417"}],"version-history":[{"count":0,"href":"http:\/\/fundaciolluiscoromina.org\/index.php\/wp-json\/wp\/v2\/posts\/2417\/revisions"}],"wp:attachment":[{"href":"http:\/\/fundaciolluiscoromina.org\/index.php\/wp-json\/wp\/v2\/media?parent=2417"}],"wp:term":[{"taxonomy":"category","embeddable":true,"href":"http:\/\/fundaciolluiscoromina.org\/index.php\/wp-json\/wp\/v2\/categories?post=2417"},{"taxonomy":"post_tag","embeddable":true,"href":"http:\/\/fundaciolluiscoromina.org\/index.php\/wp-json\/wp\/v2\/tags?post=2417"}],"curies":[{"name":"wp","href":"https:\/\/api.w.org\/{rel}","templated":true}]}}