{"id":2458,"date":"2015-05-15T00:57:08","date_gmt":"2015-05-14T22:57:08","guid":{"rendered":"http:\/\/www.fundaciolluiscoromina.org\/?p=2458"},"modified":"2015-05-15T00:57:08","modified_gmt":"2015-05-14T22:57:08","slug":"els-alcaldables-de-banyoles-es-mullen-per-la-cultura","status":"publish","type":"post","link":"http:\/\/fundaciolluiscoromina.org\/index.php\/2015\/05\/15\/els-alcaldables-de-banyoles-es-mullen-per-la-cultura\/","title":{"rendered":"Els alcaldables es mullen per la Cultura de Banyoles en el primer debat electoral"},"content":{"rendered":"<p>El primer debat de les eleccions municipals 2015 de Banyoles, organitzat per Banyoles TV i la Fundaci\u00f3 Llu\u00eds Coromina, va posar de manifest la import\u00e0ncia estrat\u00e8gica de la Cultura i tot el que representa aquest \u00e0mbit com element cohesionador i vertebrador de la nostra societat. Els cinc grups municipals que opten a l&#8217;alcaldia hi van ser representats per Miquel Noguer (CIU), Roser Masgrau (Junts per Banyoles &#8211; ERC), Non Casadevall (CUP), Joan Luengo (ICV &#8211; Independents per Banyoles) i Xavier Masdemont (PP). Entre el p\u00fablic hi havia diferents agents culturals p\u00fablics i privats com el fot\u00f2graf Tino Soriano, el paisatgista Martiri\u00e0 Figueras, el director de teatre i exalcalde Joan Solana, el president de la Fundaci\u00f3 Estany, Alexandre Juanola, el director d&#8217;Aph\u00f2nica, Francesc Viladiu, el director dels museus de Banyoles, Llu\u00eds Figueras, el director de l&#8217;Ateneu, Miquel Cuenca i el president de la Fundaci\u00f3 i recentment guardonat amb la Creu de Sant Jordi, Llu\u00eds Coromina Isern., entre altres.<\/p>\n<p>El moderador del debat, que va durar dues hores i escaig\u00a0 i que es podr\u00e0 veure tamb\u00e9 a internet, va ser el director de la Fundaci\u00f3, Ricard Planas, periodista i editor de bonart cultural que va comen\u00e7ar l&#8217;acte fent una refer\u00e8ncia a la etimologia del terme Cultura, que prov\u00e9 del llat\u00ed cultivar, i va puntualitzar \u00abara fa 100 anys la Mancomunitat de Catalunya va vertebrar una idea de pa\u00eds en base a la Cultura. \u00c9s l&#8217;\u00fanica vegada a la hist\u00f2ria recent del nostre pa\u00eds que ha succe\u00eft i esperem que no haguem de tornar a trigar tant de temps per buscar aquesta centralitat que es mereix una C que \u00e9s sin\u00f2nim de cohesi\u00f3, cooperaci\u00f3, comprom\u00eds, complicitat i comunicaci\u00f3\u00bb.<\/p>\n<p>Per la seva banda, Miquel Noguer (CIU) va posar de manifest l&#8217;esfor\u00e7 que fins el moment s&#8217;ha fet des del seu govern per potenciar aquest \u00e0mbit, amb les dificultats que la crisi ha propiciat. Aix\u00ed mateix, ha apostat per la recerca de noves vies de finan\u00e7ament amb models mixtes de finan\u00e7ament on el sector privat hi t\u00e9 un paper important, sense deixar de perdre el control des de les administracions p\u00fabliques. Tamb\u00e9 es va referir que la qualitat i no la la quantitat s\u00f3n la clau de les propostes culturals i art\u00edstiques. A nivell d&#8217;infraestructures, la Biblioteca i el Museu Arqueol\u00f2gic esdevenen dos punts rellevants, aix\u00ed com la reformulaci\u00f3 del Museu Darder.<\/p>\n<p>Roser Masgrau (Junts per Banyoles &#8211; ERC), va posar \u00e8mfasi en la necessitat d&#8217;entendre una cultura que no necess\u00e0riament ha de conduir-nos a la professionalitzaci\u00f3 sin\u00f3 ha de ser un p\u00f2sit per afrontar l&#8217;exist\u00e8ncia quotidiana. Va destacar el conjunt d&#8217;iniciatives que la societat civil genera per\u00f2 que tenen poca difusi\u00f3. Masgrau va remarcar que \u00e9s un deute amb el sector posar m\u00e9s de relleu la potencialitat i capacitat d&#8217;atracci\u00f3 que suposo pel municipi les accions culturals.\u00a0 Tamb\u00e9 es va mostrar a favor de les f\u00f3rmules mixtes de la gesti\u00f3 p\u00fablico-privada d&#8217;equipaments com l&#8217;Ateneu &#8211; Escola Municipal de M\u00fasica. A nivell d&#8217;equipaments, generar un nou centre cultural a la ciutat tamb\u00e9 esdev\u00e9 clau.<\/p>\n<p>Non Casadevall (CUP) va fer una aposta per la necessitat urgent d&#8217;un full de ruta de la Cultura a Banyoles, consensuat amb la ciutadania, i que sigui clara. Va destacar que hi ha un conjunt de bones iniciatives per\u00f2 que no tenen prou retorn per la manca d&#8217;una planificaci\u00f3 estrat\u00e8gica efica\u00e7, coherent i, sovint, amb els professionals del sector sense tenir ni veu ni vot. Tamb\u00e9 aposta per una gesti\u00f3 b\u00e0sicament p\u00fablica i es mostra extremadament prudent en les gestions mixtes amb el sector privat. En mat\u00e8ria d&#8217;educaci\u00f3 tamb\u00e9 va destacar les mancances a nivell d&#8217;ensenyaments en dansa i arts pl\u00e0stiques i visuals. La relaci\u00f3 amb els altres municipis del Pla de l&#8217;Estany tamb\u00e9 creu Casadevall que \u00e9s una assignatura pendent.<\/p>\n<p>Joan Luengo (ICV &#8211; Independents per Banyoles) va coincidir amb Non Casadevall en la necessitat d&#8217;un full de ruta per la Cultura, pel pol\u00edtic es detecta massa indefinici\u00f3 i va afegir que \u00e9s clau tenir una taula de la cultura, una taula de coordinaci\u00f3 interdepartamental. Tamb\u00e9 va ser molt contundent en la preservaci\u00f3 dels nodes naturals que estan inserits dins la trama urbana com actiu cultural de primer ordre i, alhora, emfasitzant el patrimoni natural com a cultura de primer ordre. Aix\u00ed mateix, va atribuir aquest model a pol\u00edtiques i visions m\u00e9s del segle passat, que de l&#8217;urbanisme del futur. Voler tra\u00e7ar trames urbanes a cop de totxana deconstruint trames naturals.<\/p>\n<p>Xavier Masdemont (PP) va trobar un d\u00e8ficit en temes de cultura popular, bastant menystinguda com l&#8217;ensenyament de la sardana, i aix\u00ed mateix a nivell audiovisual va posar de manifest que el cinema a Banyoles seria un incentiu cultural i econ\u00f2mic. Tamb\u00e9 es va posicionar al costat del m\u00f3n empresarial.<\/p>\n<p>&nbsp;<\/p>\n<p><iframe loading=\"lazy\" id=\"iframe_chapter\" src=\"http:\/\/banyolestv.xiptv.cat\/embed\/199124?width=591&amp;iframe_width=613&amp;share=&amp;height=332&amp;iframe_height=378\" name=\"iframe_chapter\" width=\"613\" height=\"378\" frameborder=\"0\" scrolling=\"no\"><\/iframe><\/p>\n<p><a href=\"http:\/\/www.fundaciolluiscoromina.org\/wp-content\/uploads\/2015\/05\/Debat-Cultural-BNY-\u5468ere-Duran-P1.jpg\"><img loading=\"lazy\" decoding=\"async\" class=\"alignnone wp-image-2459 size-large\" src=\"http:\/\/www.fundaciolluiscoromina.org\/wp-content\/uploads\/2015\/05\/Debat-Cultural-BNY-\u5468ere-Duran-P1-1024x683.jpg\" alt=\"14\/05\/15 Debat de Pol\u00edtiques Culturals a l'espai El Puntal en el marc de les Eleccions Municipals organitzat per la Fundaci\u00f3 Llu\u00eds Coromina i Banyoles Televisi\u00f3. Foto: Pere Duran\" width=\"1024\" height=\"683\" \/><\/a><\/p>\n<p>D&#8217;esquerra a dreta: Non Casadevall, Miquel Noguer, Ricard Planas, Roser Masgrau, Joan Luengo i Xavier Masdemont.<\/p>\n<div id=\"attachment_2461\" style=\"width: 1034px\" class=\"wp-caption alignnone\"><a href=\"http:\/\/www.fundaciolluiscoromina.org\/wp-content\/uploads\/2015\/05\/Debat-Cultural-BNY-\u5468ere-Duran-P7.jpg\"><img loading=\"lazy\" decoding=\"async\" aria-describedby=\"caption-attachment-2461\" class=\"size-large wp-image-2461\" src=\"http:\/\/www.fundaciolluiscoromina.org\/wp-content\/uploads\/2015\/05\/Debat-Cultural-BNY-\u5468ere-Duran-P7-1024x683.jpg\" alt=\"14\/05\/15 Debat de Pol\u00edtiques Culturals a l'espai El Puntal en el marc de les Eleccions Municipals organitzat per la Fundaci\u00f3 Llu\u00eds Coromina i Banyoles Televisi\u00f3. Foto: Pere Duran\" width=\"1024\" height=\"683\" \/><\/a><p id=\"caption-attachment-2461\" class=\"wp-caption-text\">14\/05\/15 Debat de Pol\u00edtiques Culturals a l&#8217;espai El Puntal en el marc de les Eleccions Municipals organitzat per la Fundaci\u00f3 Llu\u00eds Coromina i Banyoles Televisi\u00f3. Foto: Pere Duran<\/p><\/div>\n<div id=\"attachment_2462\" style=\"width: 693px\" class=\"wp-caption alignnone\"><a href=\"http:\/\/www.fundaciolluiscoromina.org\/wp-content\/uploads\/2015\/05\/Debat-Cultural-BNY-\u5468ere-Duran-P6.jpg\"><img loading=\"lazy\" decoding=\"async\" aria-describedby=\"caption-attachment-2462\" class=\"size-large wp-image-2462\" src=\"http:\/\/www.fundaciolluiscoromina.org\/wp-content\/uploads\/2015\/05\/Debat-Cultural-BNY-\u5468ere-Duran-P6-683x1024.jpg\" alt=\"14\/05\/15 Debat de Pol\u00edtiques Culturals a l'espai El Puntal en el marc de les Eleccions Municipals organitzat per la Fundaci\u00f3 Llu\u00eds Coromina i Banyoles Televisi\u00f3. Foto: Pere Duran\" width=\"683\" height=\"1024\" \/><\/a><p id=\"caption-attachment-2462\" class=\"wp-caption-text\">14\/05\/15 Debat de Pol\u00edtiques Culturals a l&#8217;espai El Puntal en el marc de les Eleccions Municipals organitzat per la Fundaci\u00f3 Llu\u00eds Coromina i Banyoles Televisi\u00f3. Foto: Pere Duran<\/p><\/div>\n","protected":false},"excerpt":{"rendered":"<p>El primer debat de les eleccions municipals 2015 de Banyoles, organitzat per Banyoles TV i la Fundaci\u00f3 Llu\u00eds Coromina, va &#8230;<\/p>\n","protected":false},"author":2,"featured_media":2460,"comment_status":"open","ping_status":"open","sticky":false,"template":"","format":"standard","meta":{"footnotes":""},"categories":[14,10],"tags":[19,162,163,164,165,166,91,167,168,21,50,169,170,171,53,172,173],"class_list":["post-2458","post","type-post","status-publish","format-standard","has-post-thumbnail","hentry","category-accions-culturals","category-activitats","tag-banyoles","tag-banyoles-tv","tag-ciu","tag-cup","tag-debat-electoral","tag-erc","tag-fundacio-lluis-coromina","tag-icv","tag-joan-luengo","tag-lluis-coromina","tag-miquel-noguer","tag-municipals-2015","tag-non-casadevall","tag-pp","tag-ricard-planas","tag-roser-masgrau","tag-xavier-masdemont"],"_links":{"self":[{"href":"http:\/\/fundaciolluiscoromina.org\/index.php\/wp-json\/wp\/v2\/posts\/2458","targetHints":{"allow":["GET"]}}],"collection":[{"href":"http:\/\/fundaciolluiscoromina.org\/index.php\/wp-json\/wp\/v2\/posts"}],"about":[{"href":"http:\/\/fundaciolluiscoromina.org\/index.php\/wp-json\/wp\/v2\/types\/post"}],"author":[{"embeddable":true,"href":"http:\/\/fundaciolluiscoromina.org\/index.php\/wp-json\/wp\/v2\/users\/2"}],"replies":[{"embeddable":true,"href":"http:\/\/fundaciolluiscoromina.org\/index.php\/wp-json\/wp\/v2\/comments?post=2458"}],"version-history":[{"count":0,"href":"http:\/\/fundaciolluiscoromina.org\/index.php\/wp-json\/wp\/v2\/posts\/2458\/revisions"}],"wp:attachment":[{"href":"http:\/\/fundaciolluiscoromina.org\/index.php\/wp-json\/wp\/v2\/media?parent=2458"}],"wp:term":[{"taxonomy":"category","embeddable":true,"href":"http:\/\/fundaciolluiscoromina.org\/index.php\/wp-json\/wp\/v2\/categories?post=2458"},{"taxonomy":"post_tag","embeddable":true,"href":"http:\/\/fundaciolluiscoromina.org\/index.php\/wp-json\/wp\/v2\/tags?post=2458"}],"curies":[{"name":"wp","href":"https:\/\/api.w.org\/{rel}","templated":true}]}}