{"id":2517,"date":"2015-05-28T23:57:40","date_gmt":"2015-05-28T21:57:40","guid":{"rendered":"http:\/\/www.fundaciolluiscoromina.org\/?p=2517"},"modified":"2015-05-28T23:57:40","modified_gmt":"2015-05-28T21:57:40","slug":"animated-painting-de-xavier-escriba-arriba-a-loop-barcelona-de-la-ma-de-la-fundacio","status":"publish","type":"post","link":"http:\/\/fundaciolluiscoromina.org\/index.php\/2015\/05\/28\/animated-painting-de-xavier-escriba-arriba-a-loop-barcelona-de-la-ma-de-la-fundacio\/","title":{"rendered":"\u00abAnimated Painting\u00bb de Xavier Escrib\u00e0 arriba al Festival Loop Barcelona de la m\u00e0 de la fundaci\u00f3"},"content":{"rendered":"<div id=\"core\" class=\"container\">\n<div class=\"post-6117 post type-post status-publish format-standard hentry category-uncategorized-ca\">\n<div id=\"content\" class=\"eightcol first ghost\">\n<div id=\"content-inn\">\n<p class=\"meta meta_full\"><a><img decoding=\"async\" src=\"http:\/\/loop-barcelona.com\/wp-content\/uploads\/2015\/04\/Xavier-Escrib%C3%A0__peinture-anime%C2%A6%C3%BCe-06-760x420.jpeg\" alt=\"Xavier Escrib\u00e0, \u2018Animated Painting\u2019, 2015\" \/><\/a><a><img decoding=\"async\" src=\"http:\/\/loop-barcelona.com\/wp-content\/uploads\/2015\/04\/Xavier-Escrib%C3%A0__peinture-anime%C2%A6%C3%BCe-21-760x420.jpeg\" alt=\"Xavier Escrib\u00e0, \u2018Animated Painting\u2019, 2015\" \/><\/a><\/p>\n<div class=\"entry\">\n<div id=\"su_slider_55678ce035dfc\" class=\"su-slider su-slider-centered su-slider-pages-no su-slider-responsive-yes\" data-autoplay=\"0\" data-speed=\"600\" data-mousewheel=\"false\">\n<div class=\"su-slider-slides\">\n<div class=\"su-slider-slide\"><a><img decoding=\"async\" src=\"http:\/\/loop-barcelona.com\/wp-content\/uploads\/2015\/04\/Xavier-Escrib%C3%A0__peinture-anime%C2%A6%C3%BCe-11-760x420.jpeg\" alt=\"Xavier Escrib\u00e0, \u2018Animated Painting\u2019, 2015\" \/><\/a><\/div>\n<div class=\"su-slider-slide\"><a><img decoding=\"async\" src=\"http:\/\/loop-barcelona.com\/wp-content\/uploads\/2015\/04\/Xavier-Escrib%C3%A0__peinture-anime%C2%A6%C3%BCe-09-760x420.jpeg\" alt=\"Xavier Escrib\u00e0, \u2018Animated Painting\u2019, 2015\" \/><\/a><\/div>\n<div class=\"su-slider-slide\"><a><img decoding=\"async\" src=\"http:\/\/loop-barcelona.com\/wp-content\/uploads\/2015\/04\/Xavier-Escrib%C3%A0__peinture-anime%C2%A6%C3%BCe-06-760x420.jpeg\" alt=\"Xavier Escrib\u00e0, \u2018Animated Painting\u2019, 2015\" \/><\/a><\/div>\n<div class=\"su-slider-slide swiper-slide-duplicate\"><a><img decoding=\"async\" src=\"http:\/\/loop-barcelona.com\/wp-content\/uploads\/2015\/04\/Xavier-Escrib%C3%A0__peinture-anime%C2%A6%C3%BCe-21-760x420.jpeg\" alt=\"Xavier Escrib\u00e0, \u2018Animated Painting\u2019, 2015\" \/><em><span class=\"su-slider-slide-title\">Xavier Escrib\u00e0, \u2018Animated Painting\u2019, 2015<\/span><\/em><\/a><\/div>\n<\/div>\n<div class=\"su-slider-nav\"><\/div>\n<div class=\"su-slider-nav\"><\/div>\n<div class=\"su-slider-nav\"><strong><em>L&#8217;Espai d&#8217;Impulsi\u00f3 de Barcelona en col\u00b7laboraci\u00f3 amb Fundaci\u00f3 Llu\u00eds Coromina, Bonart i B\u00f2lit Centre d&#8217;Art Contemporani exposar\u00e0 del 28 de maig al 6 de juny l&#8217;obra de v\u00eddeoart <\/em>Animated Painting<em> dins el festival Loop de Barcelona que va comen\u00e7ar ahir. L&#8217;obra va ser una coproducci\u00f3 de la fundaci\u00f3 banyolina de la qual en t\u00e9 una c\u00f2pia de tiratge limitat.<\/em><\/strong><\/div>\n<div class=\"su-slider-nav\"><\/div>\n<\/div>\n<p>El treball de <strong>Xavier Escrib\u00e0<\/strong> s\u2019articula en una investigaci\u00f3 pict\u00f2rica permanent que el porta a reflexionar sobre la fr\u00e0gil exist\u00e8ncia de l\u2019obra mateixa, reflexi\u00f3 que en aquesta ocasi\u00f3 va necessitar del format v\u00eddeo.<\/p>\n<p>\u201cEl moment en qu\u00e8 s\u2019acaba una pintura. Aquella versi\u00f3 final que hagu\u00e9s pogut ser per\u00f2 que mai ser\u00e0 perqu\u00e8 ha estat finalment modificada.<br \/>\nLa pintura t\u00e9 aquest defecte\u2026 Molt sovint nom\u00e9s tenim acc\u00e9s a la seva darrera versi\u00f3. Per\u00f2 fins llavors hi ha tots els possibles, tots aquells moments \u00edntims, passatgers, intensos que formen part del proc\u00e9s pict\u00f2ric.<br \/>\nM\u2019agrada aquesta sensaci\u00f3 d\u2019aturar el temps, d\u2019imaginar per un moment el perfum que genera cadascuna de les possibles versions finals d\u2019una pintura.<br \/>\nD\u2019aix\u00f2 parlo a \u2018Animated Painting&#8217;: de l\u2019atzar, del gest i de la darrera versi\u00f3 acceptada en pintura \u201d<\/p>\n<p>Xavier Escrib\u00e0, 2015<\/p>\n<\/div>\n<\/div>\n<\/div>\n<\/div>\n<\/div>\n","protected":false},"excerpt":{"rendered":"<p>Xavier Escrib\u00e0, \u2018Animated Painting\u2019, 2015 L&#8217;Espai d&#8217;Impulsi\u00f3 de Barcelona en col\u00b7laboraci\u00f3 amb Fundaci\u00f3 Llu\u00eds Coromina, Bonart i B\u00f2lit Centre d&#8217;Art &#8230;<\/p>\n","protected":false},"author":2,"featured_media":2521,"comment_status":"open","ping_status":"open","sticky":false,"template":"","format":"standard","meta":{"footnotes":""},"categories":[14,10],"tags":[19,179,180,181,91,182,141,149,104],"class_list":["post-2517","post","type-post","status-publish","format-standard","has-post-thumbnail","hentry","category-accions-culturals","category-activitats","tag-banyoles","tag-barcelona","tag-bolit","tag-espai-impulsio","tag-fundacio-lluis-coromina","tag-loop","tag-premi-fundacio-lluis-coromina","tag-videoart","tag-xavier-escriba"],"_links":{"self":[{"href":"http:\/\/fundaciolluiscoromina.org\/index.php\/wp-json\/wp\/v2\/posts\/2517","targetHints":{"allow":["GET"]}}],"collection":[{"href":"http:\/\/fundaciolluiscoromina.org\/index.php\/wp-json\/wp\/v2\/posts"}],"about":[{"href":"http:\/\/fundaciolluiscoromina.org\/index.php\/wp-json\/wp\/v2\/types\/post"}],"author":[{"embeddable":true,"href":"http:\/\/fundaciolluiscoromina.org\/index.php\/wp-json\/wp\/v2\/users\/2"}],"replies":[{"embeddable":true,"href":"http:\/\/fundaciolluiscoromina.org\/index.php\/wp-json\/wp\/v2\/comments?post=2517"}],"version-history":[{"count":0,"href":"http:\/\/fundaciolluiscoromina.org\/index.php\/wp-json\/wp\/v2\/posts\/2517\/revisions"}],"wp:attachment":[{"href":"http:\/\/fundaciolluiscoromina.org\/index.php\/wp-json\/wp\/v2\/media?parent=2517"}],"wp:term":[{"taxonomy":"category","embeddable":true,"href":"http:\/\/fundaciolluiscoromina.org\/index.php\/wp-json\/wp\/v2\/categories?post=2517"},{"taxonomy":"post_tag","embeddable":true,"href":"http:\/\/fundaciolluiscoromina.org\/index.php\/wp-json\/wp\/v2\/tags?post=2517"}],"curies":[{"name":"wp","href":"https:\/\/api.w.org\/{rel}","templated":true}]}}