{"id":2550,"date":"2015-05-31T18:02:06","date_gmt":"2015-05-31T16:02:06","guid":{"rendered":"http:\/\/www.fundaciolluiscoromina.org\/?p=2550"},"modified":"2015-05-31T18:02:06","modified_gmt":"2015-05-31T16:02:06","slug":"mostra-de-bonsai-a-lespai-eat-art-amb-motiu-de-la-38a-exposicio-de-flors-de-banyoles","status":"publish","type":"post","link":"http:\/\/fundaciolluiscoromina.org\/index.php\/2015\/05\/31\/mostra-de-bonsai-a-lespai-eat-art-amb-motiu-de-la-38a-exposicio-de-flors-de-banyoles\/","title":{"rendered":"Art i natura es concilien en una exposici\u00f3 d&#8217;escultures naturals: bonsais"},"content":{"rendered":"<p>L\u2019Espai Eat Art \u2013 Llu\u00eds Vil\u00e0 ha acollit aquest cap de setmana l\u2019exposici\u00f3 de Bonsai de les comarques gironines i del pla de l\u2019estany, que organitza el \u201cGrup de Bonsai Pla de l\u2019Estany\u201d del Centre Excursionista, amb motiu de la 38a Exposici\u00f3 de Flors de Banyoles.<\/p>\n<p>Aquest ser\u00e0 el segon any que la fundaci\u00f3, desde la seva vessant dedicada a la preservaci\u00f3 de la natura, l\u2019entorn paisatg\u00edstic i la relaci\u00f3 entre paisatge i art, cedeix l\u2019Espai Eat Art per aquesta mostra, en la que hi participen cultivadors de Banyoles, del Pla de l\u2019Estany i d\u2019altres indrets de Catalunya.<\/p>\n<p>En aquesta edici\u00f3 s\u2019ha volgut completar donant a con\u00e8ixer millor els Kusamono, plantes d\u2019acompanyament dels bons\u00e1is, aix\u00ed com dels Suiseki, l\u2019art de les pedres per\u00a0 contemplar.<\/p>\n<div id=\"attachment_2557\" style=\"width: 1034px\" class=\"wp-caption alignnone\"><a href=\"http:\/\/www.fundaciolluiscoromina.org\/wp-content\/uploads\/2015\/05\/In-Bonsais-P7.jpg\"><img loading=\"lazy\" decoding=\"async\" aria-describedby=\"caption-attachment-2557\" class=\"wp-image-2557 size-large\" src=\"http:\/\/www.fundaciolluiscoromina.org\/wp-content\/uploads\/2015\/05\/In-Bonsais-P7-1024x683.jpg\" alt=\"29\/05\/15 Inauguraci\u00f3 de la mostra de Bonsais a l'espai Eat Art en el marc de la 38a Exposici\u00f3 de Flors de Banyoles. FOTO:PERE DURAN\" width=\"1024\" height=\"683\" \/><\/a><p id=\"caption-attachment-2557\" class=\"wp-caption-text\">Inauguraci\u00f3 de la mostra de Bonsais a l&#8217;espai Eat Art en el marc de la 38a Exposici\u00f3 de Flors de Banyoles. FOTO: PERE DURAN &#8211; 29\/05\/2015<\/p><\/div>\n<div id=\"attachment_2554\" style=\"width: 1034px\" class=\"wp-caption alignnone\"><a href=\"http:\/\/www.fundaciolluiscoromina.org\/wp-content\/uploads\/2015\/05\/In-Bonsais-P4.jpg\"><img loading=\"lazy\" decoding=\"async\" aria-describedby=\"caption-attachment-2554\" class=\"wp-image-2554 size-large\" src=\"http:\/\/www.fundaciolluiscoromina.org\/wp-content\/uploads\/2015\/05\/In-Bonsais-P4-1024x683.jpg\" alt=\"29\/05\/15 Inauguraci\u00f3 de la mostra de Bonsais a l'espai Eat Art en el marc de la 38a Exposici\u00f3 de Flors de Banyoles. FOTO:PERE DURAN\" width=\"1024\" height=\"683\" \/><\/a><p id=\"caption-attachment-2554\" class=\"wp-caption-text\">Inauguraci\u00f3 de la mostra de Bonsais a l&#8217;espai Eat Art en el marc de la 38a Exposici\u00f3 de Flors de Banyoles. FOTO: PERE DURAN &#8211; 29\/05\/2015<\/p><\/div>\n<div id=\"attachment_2555\" style=\"width: 1034px\" class=\"wp-caption alignnone\"><a href=\"http:\/\/www.fundaciolluiscoromina.org\/wp-content\/uploads\/2015\/05\/In-Bonsais-P5.jpg\"><img loading=\"lazy\" decoding=\"async\" aria-describedby=\"caption-attachment-2555\" class=\"wp-image-2555 size-large\" src=\"http:\/\/www.fundaciolluiscoromina.org\/wp-content\/uploads\/2015\/05\/In-Bonsais-P5-1024x683.jpg\" alt=\"29\/05\/15 Inauguraci\u00f3 de la mostra de Bonsais a l'espai Eat Art en el marc de la 38a Exposici\u00f3 de Flors de Banyoles. FOTO:PERE DURAN\" width=\"1024\" height=\"683\" \/><\/a><p id=\"caption-attachment-2555\" class=\"wp-caption-text\">Inauguraci\u00f3 de la mostra de Bonsais a l&#8217;espai Eat Art en el marc de la 38a Exposici\u00f3 de Flors de Banyoles. FOTO: PERE DURAN &#8211; 29\/05\/2015<\/p><\/div>\n<div id=\"attachment_2553\" style=\"width: 1034px\" class=\"wp-caption alignnone\"><a href=\"http:\/\/www.fundaciolluiscoromina.org\/wp-content\/uploads\/2015\/05\/In-Bonsais-P3.jpg\"><img loading=\"lazy\" decoding=\"async\" aria-describedby=\"caption-attachment-2553\" class=\"wp-image-2553 size-large\" src=\"http:\/\/www.fundaciolluiscoromina.org\/wp-content\/uploads\/2015\/05\/In-Bonsais-P3-1024x683.jpg\" alt=\"29\/05\/15 Inauguraci\u00f3 de la mostra de Bonsais a l'espai Eat Art en el marc de la 38a Exposici\u00f3 de Flors de Banyoles. FOTO:PERE DURAN\" width=\"1024\" height=\"683\" \/><\/a><p id=\"caption-attachment-2553\" class=\"wp-caption-text\">Inauguraci\u00f3 de la mostra de Bonsais a l&#8217;espai Eat Art en el marc de la 38a Exposici\u00f3 de Flors de Banyoles. FOTO: PERE DURAN &#8211; 29\/05\/2015<\/p><\/div>\n<div id=\"attachment_2551\" style=\"width: 1034px\" class=\"wp-caption alignnone\"><a href=\"http:\/\/www.fundaciolluiscoromina.org\/wp-content\/uploads\/2015\/05\/In-Bonsais-P1.jpg\"><img loading=\"lazy\" decoding=\"async\" aria-describedby=\"caption-attachment-2551\" class=\"wp-image-2551 size-large\" src=\"http:\/\/www.fundaciolluiscoromina.org\/wp-content\/uploads\/2015\/05\/In-Bonsais-P1-1024x683.jpg\" alt=\"29\/05\/15 Inauguraci\u00f3 de la mostra de Bonsais a l'espai Eat Art en el marc de la 38a Exposici\u00f3 de Flors de Banyoles. FOTO:PERE DURAN\" width=\"1024\" height=\"683\" \/><\/a><p id=\"caption-attachment-2551\" class=\"wp-caption-text\">Inauguraci\u00f3 de la mostra de Bonsais a l&#8217;espai Eat Art en el marc de la 38a Exposici\u00f3 de Flors de Banyoles. FOTO: PERE DURAN &#8211; 29\/05\/2015<\/p><\/div>\n","protected":false},"excerpt":{"rendered":"<p>L\u2019Espai Eat Art \u2013 Llu\u00eds Vil\u00e0 ha acollit aquest cap de setmana l\u2019exposici\u00f3 de Bonsai de les comarques gironines i &#8230;<\/p>\n","protected":false},"author":2,"featured_media":2552,"comment_status":"open","ping_status":"open","sticky":false,"template":"","format":"standard","meta":{"footnotes":""},"categories":[17],"tags":[187,27,188,91],"class_list":["post-2550","post","type-post","status-publish","format-standard","has-post-thumbnail","hentry","category-exposicions-espai-eat-art","tag-bonsai","tag-espai-eat-art","tag-exposicio-de-flors-de-banyoles","tag-fundacio-lluis-coromina"],"_links":{"self":[{"href":"http:\/\/fundaciolluiscoromina.org\/index.php\/wp-json\/wp\/v2\/posts\/2550","targetHints":{"allow":["GET"]}}],"collection":[{"href":"http:\/\/fundaciolluiscoromina.org\/index.php\/wp-json\/wp\/v2\/posts"}],"about":[{"href":"http:\/\/fundaciolluiscoromina.org\/index.php\/wp-json\/wp\/v2\/types\/post"}],"author":[{"embeddable":true,"href":"http:\/\/fundaciolluiscoromina.org\/index.php\/wp-json\/wp\/v2\/users\/2"}],"replies":[{"embeddable":true,"href":"http:\/\/fundaciolluiscoromina.org\/index.php\/wp-json\/wp\/v2\/comments?post=2550"}],"version-history":[{"count":0,"href":"http:\/\/fundaciolluiscoromina.org\/index.php\/wp-json\/wp\/v2\/posts\/2550\/revisions"}],"wp:attachment":[{"href":"http:\/\/fundaciolluiscoromina.org\/index.php\/wp-json\/wp\/v2\/media?parent=2550"}],"wp:term":[{"taxonomy":"category","embeddable":true,"href":"http:\/\/fundaciolluiscoromina.org\/index.php\/wp-json\/wp\/v2\/categories?post=2550"},{"taxonomy":"post_tag","embeddable":true,"href":"http:\/\/fundaciolluiscoromina.org\/index.php\/wp-json\/wp\/v2\/tags?post=2550"}],"curies":[{"name":"wp","href":"https:\/\/api.w.org\/{rel}","templated":true}]}}