{"id":2578,"date":"2015-06-20T00:16:21","date_gmt":"2015-06-19T22:16:21","guid":{"rendered":"http:\/\/www.fundaciolluiscoromina.org\/?p=2578"},"modified":"2015-06-20T00:16:21","modified_gmt":"2015-06-19T22:16:21","slug":"la-remor-duna-barca-un-fragment-dels-90-anys-del-c","status":"publish","type":"post","link":"http:\/\/fundaciolluiscoromina.org\/index.php\/2015\/06\/20\/la-remor-duna-barca-un-fragment-dels-90-anys-del-c\/","title":{"rendered":"La Remor d&#8217;Aph\u00f2nica, una aproximaci\u00f3 visual i sonora a un fragment d&#8217;hist\u00f2ria del Club Nataci\u00f3 Banyoles"},"content":{"rendered":"<p>Remor proposa una aproximaci\u00f3 art\u00edstica en forma d\u2019una instal\u00b7laci\u00f3 sonora i visual a un fragment dels 90 anys d\u2019hist\u00f2ria del Club Nataci\u00f3 Banyoles. Per aix\u00f2 utilitza dos elements simb\u00f2lics: una barca de rem antiga de fusta, la \u201cMontserrat\u201d, que havia estat propietat de la fam\u00edlia Gimferrer i els sons de l\u2019aigua de l\u2019estany i de l\u2019esfor\u00e7 hum\u00e0, en el moment de moure una barca de rem. Aquests dos elements condueixen l\u2019o\u00efda i la mirada o la mirada i l\u2019o\u00efda cap a remors de temps passats i presents, cap a la veu de l\u2019estany; una veu transformada en sons de cad\u00e8ncies ignotes gr\u00e0cies a l\u2019enginy de Gotard Mas. Sons que sovint els tenim interioritzats per\u00f2 no ens els fem presents, potser per massa quotidians. Ara els posem en un primer pla i ens serveixen per resignificar els elements f\u00edsics de l\u2019exposici\u00f3.<br \/>\nD\u2019altra banda, amb Remor sabem que la hist\u00f2ria s\u00f3n les persones, per\u00f2 tamb\u00e9 els seus objectes i la seva preservaci\u00f3, i en aquesta hist\u00f2ria hi t\u00e9 un protagonisme especial Joan Collell, que ha anat compilant, amb sensibilitat i intel\u00b7lig\u00e8ncia, des del Centre Catal\u00e0 de Rem Ol\u00edmpic, objectes que configuren una part del llegat vital de la secci\u00f3 de rem del Club Nataci\u00f3 Banyoles. Ell sap la import\u00e0ncia que t\u00e9 fixar la hist\u00f2ria i, per aquesta ra\u00f3, ha rescatat vots que s\u00f3n una rel\u00edquia, i que a clubs d\u2019arreu del m\u00f3n s\u2019allotgen dins de museus. Vots de fusta amb molta intrahist\u00f2ria (ara ja quasi tots de fibra) que s\u00f3n el tra\u00e7 que Collell, el t\u00e8cnic especialista del centre s\u2019encarrega de cuidar i reparar. Un mestre artes\u00e0 \u00fanic a Catalunya que estima el que fa, el nostre Caront particular, aquell home de la mitologia que portava les \u00e0nimes amb barca, tot travessant la llacuna Est\u00edgia. Nosaltres, des de l\u2019estany de Banyoles, tamb\u00e9 travessem el temps.<br \/>\nAix\u00ed doncs, des de la riba, les barques de rem travessen l\u2019estany en silenci i es perden en la infimitat de la dist\u00e0ncia com es perd el record dels inicis. La barca de rem de competici\u00f3 m\u00e9s antiga de l\u2019estany que encara existeix ha tornat al centre de Banyoles. Ja feia uns vint-i-cinc anys que reposava en un hangar. Abans havia sobreviscut a uns quants anys de sol i serena. Costa recordar quan la fam\u00edlia Gimferrer la va cedir a la secci\u00f3 de rem del club que feia poc que s\u2019havia creat. Llavors havia vingut a la pla\u00e7a perqu\u00e8 la bategessin abans de comen\u00e7ar a navegar i incorporar el seu silenci al paisatge sonor de l\u2019estany. Ara, els remers l\u2019han tornat a portar per ser la protagonista d\u2019aquesta exposici\u00f3, abans d\u2019incorporar el seu silenci definitivament al record. I quan acabi l\u2019exposici\u00f3 haur\u00e0 de tornar a travessar els carrers de Banyoles per tornar al seu lloc de rep\u00f2s.<\/p>\n<p><em>Josep Masdevall i Ricard Planas &#8211; curadors de l\u2019exposici\u00f3<\/em><\/p>\n<div id=\"attachment_2580\" style=\"width: 1034px\" class=\"wp-caption alignnone\"><a href=\"http:\/\/www.fundaciolluiscoromina.org\/wp-content\/uploads\/2015\/06\/In-Remor-\u5468ere-Duran-P13.jpg\"><img loading=\"lazy\" decoding=\"async\" aria-describedby=\"caption-attachment-2580\" class=\"size-large wp-image-2580\" src=\"http:\/\/www.fundaciolluiscoromina.org\/wp-content\/uploads\/2015\/06\/In-Remor-\u5468ere-Duran-P13-1024x689.jpg\" alt=\"16\/06\/15 Inauguraci\u00f3 de l'exposici\u00f3 Remor. Una apriximaci\u00f3 visual i sonora del Club Nataci\u00f3 Banyoles. FOTO: PERE DURAN\" width=\"1024\" height=\"689\" \/><\/a><p id=\"caption-attachment-2580\" class=\"wp-caption-text\">16\/06\/15 Inauguraci\u00f3 de l&#8217;exposici\u00f3 Remor. Una apriximaci\u00f3 visual i sonora del Club Nataci\u00f3 Banyoles. FOTO: PERE DURAN<\/p><\/div>\n<div id=\"attachment_2581\" style=\"width: 1034px\" class=\"wp-caption alignnone\"><a href=\"http:\/\/www.fundaciolluiscoromina.org\/wp-content\/uploads\/2015\/06\/In-Remor-\u00a9Pere-Duran-P12.jpg\"><img loading=\"lazy\" decoding=\"async\" aria-describedby=\"caption-attachment-2581\" class=\"size-large wp-image-2581\" src=\"http:\/\/www.fundaciolluiscoromina.org\/wp-content\/uploads\/2015\/06\/In-Remor-\u00a9Pere-Duran-P12-1024x683.jpg\" alt=\"16\/06\/15 Inauguraci\u00f3 de l'exposici\u00f3 Remor. Una apriximaci\u00f3 visual i sonora del Club Nataci\u00f3 Banyoles. FOTO: PERE DURAN\" width=\"1024\" height=\"683\" \/><\/a><p id=\"caption-attachment-2581\" class=\"wp-caption-text\">16\/06\/15 Inauguraci\u00f3 de l&#8217;exposici\u00f3 Remor. Una apriximaci\u00f3 visual i sonora del Club Nataci\u00f3 Banyoles. FOTO: PERE DURAN<\/p><\/div>\n<div id=\"attachment_2582\" style=\"width: 1034px\" class=\"wp-caption alignnone\"><a href=\"http:\/\/www.fundaciolluiscoromina.org\/wp-content\/uploads\/2015\/06\/In-Remor-\u00a9Pere-Duran-P8-2.jpg\"><img loading=\"lazy\" decoding=\"async\" aria-describedby=\"caption-attachment-2582\" class=\"size-large wp-image-2582\" src=\"http:\/\/www.fundaciolluiscoromina.org\/wp-content\/uploads\/2015\/06\/In-Remor-\u00a9Pere-Duran-P8-2-1024x683.jpg\" alt=\"16\/06\/15 Inauguraci\u00f3 de l'exposici\u00f3 Remor. Una apriximaci\u00f3 visual i sonora del Club Nataci\u00f3 Banyoles. FOTO: PERE DURAN\" width=\"1024\" height=\"683\" \/><\/a><p id=\"caption-attachment-2582\" class=\"wp-caption-text\">16\/06\/15 Inauguraci\u00f3 de l&#8217;exposici\u00f3 Remor. Una apriximaci\u00f3 visual i sonora del Club Nataci\u00f3 Banyoles. FOTO: PERE DURAN<\/p><\/div>\n<div id=\"attachment_2583\" style=\"width: 1034px\" class=\"wp-caption alignnone\"><a href=\"http:\/\/www.fundaciolluiscoromina.org\/wp-content\/uploads\/2015\/06\/In-Remor-\u00a9Pere-Duran-P11.jpg\"><img loading=\"lazy\" decoding=\"async\" aria-describedby=\"caption-attachment-2583\" class=\"size-large wp-image-2583\" src=\"http:\/\/www.fundaciolluiscoromina.org\/wp-content\/uploads\/2015\/06\/In-Remor-\u00a9Pere-Duran-P11-1024x683.jpg\" alt=\"16\/06\/15 Inauguraci\u00f3 de l'exposici\u00f3 Remor. Una apriximaci\u00f3 visual i sonora del Club Nataci\u00f3 Banyoles. FOTO: PERE DURAN\" width=\"1024\" height=\"683\" \/><\/a><p id=\"caption-attachment-2583\" class=\"wp-caption-text\">16\/06\/15 Inauguraci\u00f3 de l&#8217;exposici\u00f3 Remor. Una apriximaci\u00f3 visual i sonora del Club Nataci\u00f3 Banyoles. FOTO: PERE DURAN<\/p><\/div>\n<div id=\"attachment_2584\" style=\"width: 1034px\" class=\"wp-caption alignnone\"><a href=\"http:\/\/www.fundaciolluiscoromina.org\/wp-content\/uploads\/2015\/06\/In-Remor-\u00a9Pere-Duran-P2.jpg\"><img loading=\"lazy\" decoding=\"async\" aria-describedby=\"caption-attachment-2584\" class=\"size-large wp-image-2584\" src=\"http:\/\/www.fundaciolluiscoromina.org\/wp-content\/uploads\/2015\/06\/In-Remor-\u00a9Pere-Duran-P2-1024x683.jpg\" alt=\"16\/06\/15 Inauguraci\u00f3 de l'exposici\u00f3 Remor. Una apriximaci\u00f3 visual i sonora del Club Nataci\u00f3 Banyoles. FOTO: PERE DURAN\" width=\"1024\" height=\"683\" \/><\/a><p id=\"caption-attachment-2584\" class=\"wp-caption-text\">16\/06\/15 Inauguraci\u00f3 de l&#8217;exposici\u00f3 Remor. Una apriximaci\u00f3 visual i sonora del Club Nataci\u00f3 Banyoles. FOTO: PERE DURAN<\/p><\/div>\n<div id=\"attachment_2586\" style=\"width: 1034px\" class=\"wp-caption alignnone\"><a href=\"http:\/\/www.fundaciolluiscoromina.org\/wp-content\/uploads\/2015\/06\/In-Remor-\u5468ere-Duran-P14.jpg\"><img loading=\"lazy\" decoding=\"async\" aria-describedby=\"caption-attachment-2586\" class=\"size-large wp-image-2586\" src=\"http:\/\/www.fundaciolluiscoromina.org\/wp-content\/uploads\/2015\/06\/In-Remor-\u5468ere-Duran-P14-1024x683.jpg\" alt=\"16\/06\/15 Inauguraci\u00f3 de l'exposici\u00f3 Remor. Una apriximaci\u00f3 visual i sonora del Club Nataci\u00f3 Banyoles. FOTO: PERE DURAN\" width=\"1024\" height=\"683\" \/><\/a><p id=\"caption-attachment-2586\" class=\"wp-caption-text\">16\/06\/15 Inauguraci\u00f3 de l&#8217;exposici\u00f3 Remor. Una apriximaci\u00f3 visual i sonora del Club Nataci\u00f3 Banyoles. FOTO: PERE DURAN<\/p><\/div>\n<div id=\"attachment_2587\" style=\"width: 1034px\" class=\"wp-caption alignnone\"><a href=\"http:\/\/www.fundaciolluiscoromina.org\/wp-content\/uploads\/2015\/06\/Trasllat-barca-Montserrat-\u00a9Pere-Duran-061.jpg\"><img loading=\"lazy\" decoding=\"async\" aria-describedby=\"caption-attachment-2587\" class=\"size-large wp-image-2587\" src=\"http:\/\/www.fundaciolluiscoromina.org\/wp-content\/uploads\/2015\/06\/Trasllat-barca-Montserrat-\u00a9Pere-Duran-061-1024x683.jpg\" alt=\"OLYMPUS DIGITAL CAMERA\" width=\"1024\" height=\"683\" \/><\/a><p id=\"caption-attachment-2587\" class=\"wp-caption-text\">MUNTATGE EXPOSICI\u00d3<\/p><\/div>\n<div id=\"attachment_2588\" style=\"width: 1034px\" class=\"wp-caption alignnone\"><a href=\"http:\/\/www.fundaciolluiscoromina.org\/wp-content\/uploads\/2015\/06\/Trasllat-barca-Montserrat-\u00a9Pere-Duran-044.jpg\"><img loading=\"lazy\" decoding=\"async\" aria-describedby=\"caption-attachment-2588\" class=\"size-large wp-image-2588\" src=\"http:\/\/www.fundaciolluiscoromina.org\/wp-content\/uploads\/2015\/06\/Trasllat-barca-Montserrat-\u00a9Pere-Duran-044-1024x683.jpg\" alt=\"OLYMPUS DIGITAL CAMERA\" width=\"1024\" height=\"683\" \/><\/a><p id=\"caption-attachment-2588\" class=\"wp-caption-text\">PERFORMANCE DELS REMISTES DEL CLUB NATACI\u00d3 BANYOLES A LA PLA\u00c7A MAJOR DE LA VILA<\/p><\/div>\n<p>L\u2019estiu del 1958, poc despr\u00e9s que Jordi Gimferrer anunci\u00e9s la creaci\u00f3 d\u2019una nova secci\u00f3 al Club Nataci\u00f3 Banyoles \u201cpara fomentar adecuadamente la afici\u00f3n por este noble deporte, el cual esperamos que har\u00e1 honor a las ilusiones que en \u00e9l se han depositado\u201d, de la qual es convertiria en el primer delegat, cinc joves banyolins desmuntaven una iola, que duia per nom Mare Nostrum, cedida pel Reial Club Mar\u00edtim de Barcelona, que pesava m\u00e9s d\u2019un centenar de quilos i la carregaven al cim d\u2019una vella furgoneta DKW, de dos temps, condu\u00efda per en Melcior Bartrol\u00ed.<br \/>\nFou aix\u00ed com a les sis de la matinada d\u2019un dia del mes d\u2019agost, plens d\u2019il\u00b7lusions, van enfilar la carretera, cap a M\u00e0laga, on uns dies despr\u00e9s s\u2019havia de disputar el I Campeonato de Espa\u00f1a de Remo Juvenil.<br \/>\nEra un viatge for\u00e7a llarg, per\u00f2 eren joves i les dificultats que es van trobar, com ara una primera reparaci\u00f3 en arribar a Cornell\u00e0 del Terri, quan la baca que suportava el bot es va afluixar, o quan arribaven a una pujada i havien de baixar i c\u00f3rrer al costat de la furgoneta perqu\u00e8, si no, aquesta no pujava, no els van fer defallir.<br \/>\nTres dies despr\u00e9s, Miquel Figueras, Miquel Cortada, Benet Tarradas, Santiago Palmada i el timoner Enric Tubert, que feia poc m\u00e9s d\u2019un mes que remaven junts, acompanyats d\u2019en Miquel Tarradas, arribaven a la ciutat andalusa, on tornaren a muntar el bot, sota la mirada encuriosida de m\u00e9s d\u2019un que els deia: \u201cOn aneu amb aquesta calaixera?\u201d. Per\u00f2 a les rialles i als nervis propis de la competici\u00f3 s\u2019hi van afegir m\u00e9s dificultats, ja que mentre disputaven la regata van haver de parar i reparar la iola perqu\u00e8 un carret\u00f3 havia sortit de la guia. Al final, per\u00f2, malgrat tots aquests entrebancs, van fer un bon paper, ja que van acabar tercers de la seva s\u00e8rie i sisens en la final.<br \/>\nLa const\u00e0ncia dels joves banyolins va fer que el president del club organitzador, el Real Club Mediterr\u00e1neo de M\u00e0laga, adrec\u00e9s una carta al president del club banyol\u00ed, Josep Maria Gimferrer, en qu\u00e8 li deia:<br \/>\n[&#8230;] Queremos darle la enhorabuena por la actuaci\u00f3n que han tenido los muchachos de ese Club de Ba\u00f1olas&#8230; Queremos recordar c\u00f3mo se clasificaron en la primera manga para la final luchando contra poderosas tripulaciones y con clara desventaja en la embarcaci\u00f3n.(&#8230;) Tanto por este esfuerzo que caus\u00f3 la admiraci\u00f3n de todos como por su comportamiento en todos los \u00f3rdenes le damos nuestro franco parabien pues puede estar orgullosa esa entidad de tener deportistas que tan alto ponen su pabell\u00f3n. Estamos seguros que en un futuro pr\u00f3ximo, y contando con embarcaci\u00f3n apropiada, ser\u00e1n unos cercanos aspirantes al t\u00edtulo nacional [\u2026]<br \/>\nEl contingut d\u2019aquesta carta va causar tan bona impressi\u00f3 en el president, que al cap de pocs dies es duia a terme la presentaci\u00f3 en p\u00fablic del primer bot propietat del CNB. Es tractava d\u2019una iola de quatre amb timoner de nom Inma, que fou portada pels remers, a coll, des del club fins a la pla\u00e7a Major, on fou batejada solemnement. En acabar l\u2019acte, el president s\u2019adre\u00e7\u00e0 als joves remers i els va recordar que \u201cahora no sirven carretones ni excusas. El a\u00f1o pr\u00f3ximo, o vuelven con el t\u00edtulo o van al agua\u201d.<br \/>\nEls resultats deurien ser els esperats, ja que poc temps despr\u00e9s arribaria el segon dels bots propietat del club, al qual posarien de nom Montserrat.<\/p>\n<p><em>Joan Anton Abellan &#8211; historiador<\/em><\/p>\n<p>&nbsp;<\/p>\n<p><em><strong>exposici\u00f3 oberta fins a finals de juliol 2015<\/strong><\/em><br \/>\n<em><strong>espai eat art &#8211; llu\u00eds vil\u00e0<\/strong><\/em><br \/>\n<em><strong>pla\u00e7a major, 33 banyoles<\/strong><\/em><br \/>\n<em><strong>www.fundaciolluiscoromina.cat<\/strong><\/em><\/p>\n","protected":false},"excerpt":{"rendered":"<p>Remor proposa una aproximaci\u00f3 art\u00edstica en forma d\u2019una instal\u00b7laci\u00f3 sonora i visual a un fragment dels 90 anys d\u2019hist\u00f2ria del &#8230;<\/p>\n","protected":false},"author":2,"featured_media":2579,"comment_status":"open","ping_status":"open","sticky":false,"template":"","format":"standard","meta":{"footnotes":""},"categories":[14,17,9],"tags":[],"class_list":["post-2578","post","type-post","status-publish","format-standard","has-post-thumbnail","hentry","category-accions-culturals","category-exposicions-espai-eat-art","category-historic"],"_links":{"self":[{"href":"http:\/\/fundaciolluiscoromina.org\/index.php\/wp-json\/wp\/v2\/posts\/2578","targetHints":{"allow":["GET"]}}],"collection":[{"href":"http:\/\/fundaciolluiscoromina.org\/index.php\/wp-json\/wp\/v2\/posts"}],"about":[{"href":"http:\/\/fundaciolluiscoromina.org\/index.php\/wp-json\/wp\/v2\/types\/post"}],"author":[{"embeddable":true,"href":"http:\/\/fundaciolluiscoromina.org\/index.php\/wp-json\/wp\/v2\/users\/2"}],"replies":[{"embeddable":true,"href":"http:\/\/fundaciolluiscoromina.org\/index.php\/wp-json\/wp\/v2\/comments?post=2578"}],"version-history":[{"count":0,"href":"http:\/\/fundaciolluiscoromina.org\/index.php\/wp-json\/wp\/v2\/posts\/2578\/revisions"}],"wp:attachment":[{"href":"http:\/\/fundaciolluiscoromina.org\/index.php\/wp-json\/wp\/v2\/media?parent=2578"}],"wp:term":[{"taxonomy":"category","embeddable":true,"href":"http:\/\/fundaciolluiscoromina.org\/index.php\/wp-json\/wp\/v2\/categories?post=2578"},{"taxonomy":"post_tag","embeddable":true,"href":"http:\/\/fundaciolluiscoromina.org\/index.php\/wp-json\/wp\/v2\/tags?post=2578"}],"curies":[{"name":"wp","href":"https:\/\/api.w.org\/{rel}","templated":true}]}}