{"id":2639,"date":"2015-07-04T20:14:25","date_gmt":"2015-07-04T18:14:25","guid":{"rendered":"http:\/\/www.fundaciolluiscoromina.org\/?p=2639"},"modified":"2015-07-04T20:14:25","modified_gmt":"2015-07-04T18:14:25","slug":"el-jove-artista-michiel-harbers-exposa-a-lei-espai-dimpulsio","status":"publish","type":"post","link":"http:\/\/fundaciolluiscoromina.org\/index.php\/2015\/07\/04\/el-jove-artista-michiel-harbers-exposa-a-lei-espai-dimpulsio\/","title":{"rendered":"El jove artista Michiel Harbers exposa a l&#8217;Ei! Espai d&#8217;Impulsi\u00f3"},"content":{"rendered":"<p>Des del passat 2 de juliol es pot visitar l\u2019exposici\u00f3 &#8216;Abstracci\u00f3 concreta&#8217; de Michiel Harbers a l&#8217;Ei! Espai d&#8217;Impulsi\u00f3. \u00c9s la primera exposici\u00f3 que realitza Michiel Harbers a Catalunya i es podr\u00e0 visitar fins al 30 d&#8217;octubre.<\/p>\n","protected":false},"excerpt":{"rendered":"<p>Des del passat 2 de juliol es pot visitar l\u2019exposici\u00f3 &#8216;Abstracci\u00f3 concreta&#8217; de Michiel Harbers a l&#8217;Ei! Espai d&#8217;Impulsi\u00f3. \u00c9s &#8230;<\/p>\n","protected":false},"author":2,"featured_media":2636,"comment_status":"open","ping_status":"open","sticky":false,"template":"","format":"standard","meta":{"footnotes":""},"categories":[10],"tags":[190,191,192,193],"class_list":["post-2639","post","type-post","status-publish","format-standard","has-post-thumbnail","hentry","category-activitats","tag-art-abstracte","tag-ei-espai-dimpulsio","tag-exposicio","tag-michiel-harbers"],"_links":{"self":[{"href":"http:\/\/fundaciolluiscoromina.org\/index.php\/wp-json\/wp\/v2\/posts\/2639","targetHints":{"allow":["GET"]}}],"collection":[{"href":"http:\/\/fundaciolluiscoromina.org\/index.php\/wp-json\/wp\/v2\/posts"}],"about":[{"href":"http:\/\/fundaciolluiscoromina.org\/index.php\/wp-json\/wp\/v2\/types\/post"}],"author":[{"embeddable":true,"href":"http:\/\/fundaciolluiscoromina.org\/index.php\/wp-json\/wp\/v2\/users\/2"}],"replies":[{"embeddable":true,"href":"http:\/\/fundaciolluiscoromina.org\/index.php\/wp-json\/wp\/v2\/comments?post=2639"}],"version-history":[{"count":0,"href":"http:\/\/fundaciolluiscoromina.org\/index.php\/wp-json\/wp\/v2\/posts\/2639\/revisions"}],"wp:attachment":[{"href":"http:\/\/fundaciolluiscoromina.org\/index.php\/wp-json\/wp\/v2\/media?parent=2639"}],"wp:term":[{"taxonomy":"category","embeddable":true,"href":"http:\/\/fundaciolluiscoromina.org\/index.php\/wp-json\/wp\/v2\/categories?post=2639"},{"taxonomy":"post_tag","embeddable":true,"href":"http:\/\/fundaciolluiscoromina.org\/index.php\/wp-json\/wp\/v2\/tags?post=2639"}],"curies":[{"name":"wp","href":"https:\/\/api.w.org\/{rel}","templated":true}]}}