{"id":2644,"date":"2015-07-09T17:26:38","date_gmt":"2015-07-09T15:26:38","guid":{"rendered":"http:\/\/www.fundaciolluiscoromina.org\/?p=2644"},"modified":"2015-07-09T17:26:38","modified_gmt":"2015-07-09T15:26:38","slug":"del-segon-origen-al-mnac-amb-obres-de-lluis-vila-josep-ponsati-i-una-obra-de-modest-cuixart-cedida-per-montserrat-isern","status":"publish","type":"post","link":"http:\/\/fundaciolluiscoromina.org\/index.php\/2015\/07\/09\/del-segon-origen-al-mnac-amb-obres-de-lluis-vila-josep-ponsati-i-una-obra-de-modest-cuixart-cedida-per-montserrat-isern\/","title":{"rendered":"&#8216;Del segon origen&#8217; al MNAC, amb obres de Josep Ponsat\u00ed, el Tint-1 i 2 i una obra de Modest Cuixart de la col\u00b7lecci\u00f3 Isern Dalmau"},"content":{"rendered":"<p>Del 2 de juliol al 25 d\u2019octubre es podr\u00e0 visitar \u2018Del segon origen. Arts a Catalunya, 1950-1977\u2019 al Museu Nacional d\u2019Art de Catalunya, exposici\u00f3 que proposa un apropament al desenvolupament de l\u2019art a Catalunya des de 1950 i fins a 1977, entre els diversos intents de reprendre la tradici\u00f3 avantguardista interrompuda per la Guerra Civil i l\u2019efervesc\u00e8ncia de la cultura llibert\u00e0ria durant el proc\u00e9s de restituci\u00f3 democr\u00e0tica. Aquesta mostra prefigura com el Museu Nacional podria desplegar el segle xx a les seves col\u00b7leccions.<\/p>\n<p><a href=\"http:\/\/www.fundaciolluiscoromina.org\/wp-content\/uploads\/2015\/07\/19257339882_f09d178eac_z.jpg\"><img loading=\"lazy\" decoding=\"async\" class=\"alignnone size-full wp-image-2648\" src=\"http:\/\/www.fundaciolluiscoromina.org\/wp-content\/uploads\/2015\/07\/19257339882_f09d178eac_z.jpg\" alt=\"19257339882_f09d178eac_z\" width=\"640\" height=\"426\" \/><\/a><br \/>\nDins de les obres exposades s\u2019hi troben documents, cartells i altre tipus de material gr\u00e0fic relacionat amb les accions art\u00edstiques dels grups Tint-1 i Tint-2 (1971-1977), grups als quals pertanyia Llu\u00eds Vil\u00e0 entre altres artistes, i un dels enregistraments sobre els inflables de Josep <span class=\"hiddenSpellError\">Ponsat\u00ed<\/span>, cedit per la col\u00b7lecci\u00f3 MACBA. Tamb\u00e9 una pe\u00e7a de l\u2019artista Modest Cuixart, del fons Isern Dalmau propietat de Montserrat Isern, presidenta d\u2019honor de la Fundaci\u00f3 Llu\u00eds Coromina.<\/p>\n<p><a href=\"http:\/\/www.fundaciolluiscoromina.org\/wp-content\/uploads\/2015\/07\/18640815514_6e57c89330_z.jpg\"><img loading=\"lazy\" decoding=\"async\" class=\"alignnone size-full wp-image-2646\" src=\"http:\/\/www.fundaciolluiscoromina.org\/wp-content\/uploads\/2015\/07\/18640815514_6e57c89330_z.jpg\" alt=\"18640815514_6e57c89330_z\" width=\"640\" height=\"452\" \/><\/a><\/p>\n","protected":false},"excerpt":{"rendered":"<p>Del 2 de juliol al 25 d\u2019octubre es podr\u00e0 visitar \u2018Del segon origen. Arts a Catalunya, 1950-1977\u2019 al Museu Nacional &#8230;<\/p>\n","protected":false},"author":2,"featured_media":2660,"comment_status":"open","ping_status":"open","sticky":false,"template":"","format":"standard","meta":{"footnotes":""},"categories":[10],"tags":[192,194,22,195,196],"class_list":["post-2644","post","type-post","status-publish","format-standard","has-post-thumbnail","hentry","category-activitats","tag-exposicio","tag-josep-ponsati","tag-lluis-vila","tag-mnac","tag-montserrat-isern"],"_links":{"self":[{"href":"http:\/\/fundaciolluiscoromina.org\/index.php\/wp-json\/wp\/v2\/posts\/2644","targetHints":{"allow":["GET"]}}],"collection":[{"href":"http:\/\/fundaciolluiscoromina.org\/index.php\/wp-json\/wp\/v2\/posts"}],"about":[{"href":"http:\/\/fundaciolluiscoromina.org\/index.php\/wp-json\/wp\/v2\/types\/post"}],"author":[{"embeddable":true,"href":"http:\/\/fundaciolluiscoromina.org\/index.php\/wp-json\/wp\/v2\/users\/2"}],"replies":[{"embeddable":true,"href":"http:\/\/fundaciolluiscoromina.org\/index.php\/wp-json\/wp\/v2\/comments?post=2644"}],"version-history":[{"count":0,"href":"http:\/\/fundaciolluiscoromina.org\/index.php\/wp-json\/wp\/v2\/posts\/2644\/revisions"}],"wp:attachment":[{"href":"http:\/\/fundaciolluiscoromina.org\/index.php\/wp-json\/wp\/v2\/media?parent=2644"}],"wp:term":[{"taxonomy":"category","embeddable":true,"href":"http:\/\/fundaciolluiscoromina.org\/index.php\/wp-json\/wp\/v2\/categories?post=2644"},{"taxonomy":"post_tag","embeddable":true,"href":"http:\/\/fundaciolluiscoromina.org\/index.php\/wp-json\/wp\/v2\/tags?post=2644"}],"curies":[{"name":"wp","href":"https:\/\/api.w.org\/{rel}","templated":true}]}}