{"id":2654,"date":"2015-07-18T18:44:02","date_gmt":"2015-07-18T16:44:02","guid":{"rendered":"http:\/\/www.fundaciolluiscoromina.org\/?p=2654"},"modified":"2015-07-18T18:44:02","modified_gmt":"2015-07-18T16:44:02","slug":"la-fundacio-lluis-coromina-participa-en-lorganitzacio-dun-acte-per-recaptar-diners-per-la-lluita-contra-la-sida","status":"publish","type":"post","link":"http:\/\/fundaciolluiscoromina.org\/index.php\/2015\/07\/18\/la-fundacio-lluis-coromina-participa-en-lorganitzacio-dun-acte-per-recaptar-diners-per-la-lluita-contra-la-sida\/","title":{"rendered":"La Fundaci\u00f3 Llu\u00eds Coromina coorganitza una nit solid\u00e0ria per la lluita contra la Sida"},"content":{"rendered":"<p>Focus <span class=\"hiddenSpellError\">Engelhorn<\/span>, Fundaci\u00f3 Llu\u00eds Coromina i <span class=\"hiddenSpellError\">bonart<\/span> cultural conjuntament amb la Fundaci\u00f3 Lluita contra la Sida organitzen <span class=\"hiddenGrammarError\">\u2019<\/span>Nit Solid\u00e0ria\u00a0Costa Brava<span class=\"hiddenGrammarError\">\u2019<\/span>, un acte per recaptar diners pel projecte del doctor Bonaventura Clotet, dedicat a la recerca d&#8217;una vacuna\u00a0per erradicar aquesta pand\u00e8mia.<br \/>\nLa recaptaci\u00f3 de l\u2019acte, que se celebrar\u00e0 en el Claustre del Mas del Vent de Palam\u00f3s el dia 9 d\u2019agost, consistir\u00e0 en un sopar amb\u00a0actuacions musicals, de teatre i dansa, hi tot el recaptat anir\u00e0 \u00edntegrament a la Fundaci\u00f3 <span class=\"hiddenSpellError\">FLSIDA<\/span>.<\/p>\n<p>Tamb\u00e9 s&#8217;inaugura una exposici\u00f3 sobre la hist\u00f2ria de la Sida en el Museu de la Pesca de Palam\u00f3s organitzada conjuntament amb Ports de la Generalitat de Catalunya.<\/p>\n<p>&nbsp;<\/p>\n","protected":false},"excerpt":{"rendered":"<p>Focus Engelhorn, Fundaci\u00f3 Llu\u00eds Coromina i bonart cultural conjuntament amb la Fundaci\u00f3 Lluita contra la Sida organitzen \u2019Nit Solid\u00e0ria\u00a0Costa Brava\u2019, &#8230;<\/p>\n","protected":false},"author":2,"featured_media":2655,"comment_status":"open","ping_status":"open","sticky":false,"template":"","format":"standard","meta":{"footnotes":""},"categories":[15],"tags":[90,151,197,198,199,91],"class_list":["post-2654","post","type-post","status-publish","format-standard","has-post-thumbnail","hentry","category-accions-socials","tag-bonart-cultural","tag-bonaventura-clotet","tag-el-claustre-de-palamos","tag-flsida","tag-focus-engelhorn","tag-fundacio-lluis-coromina"],"_links":{"self":[{"href":"http:\/\/fundaciolluiscoromina.org\/index.php\/wp-json\/wp\/v2\/posts\/2654","targetHints":{"allow":["GET"]}}],"collection":[{"href":"http:\/\/fundaciolluiscoromina.org\/index.php\/wp-json\/wp\/v2\/posts"}],"about":[{"href":"http:\/\/fundaciolluiscoromina.org\/index.php\/wp-json\/wp\/v2\/types\/post"}],"author":[{"embeddable":true,"href":"http:\/\/fundaciolluiscoromina.org\/index.php\/wp-json\/wp\/v2\/users\/2"}],"replies":[{"embeddable":true,"href":"http:\/\/fundaciolluiscoromina.org\/index.php\/wp-json\/wp\/v2\/comments?post=2654"}],"version-history":[{"count":0,"href":"http:\/\/fundaciolluiscoromina.org\/index.php\/wp-json\/wp\/v2\/posts\/2654\/revisions"}],"wp:attachment":[{"href":"http:\/\/fundaciolluiscoromina.org\/index.php\/wp-json\/wp\/v2\/media?parent=2654"}],"wp:term":[{"taxonomy":"category","embeddable":true,"href":"http:\/\/fundaciolluiscoromina.org\/index.php\/wp-json\/wp\/v2\/categories?post=2654"},{"taxonomy":"post_tag","embeddable":true,"href":"http:\/\/fundaciolluiscoromina.org\/index.php\/wp-json\/wp\/v2\/tags?post=2654"}],"curies":[{"name":"wp","href":"https:\/\/api.w.org\/{rel}","templated":true}]}}