{"id":268,"date":"2011-04-03T17:12:08","date_gmt":"2011-04-03T17:12:08","guid":{"rendered":"http:\/\/espaieatart.wordpress.com\/?p=260"},"modified":"2011-04-03T17:12:08","modified_gmt":"2011-04-03T17:12:08","slug":"escultura-de-lluis-vila-per-la-guanyadora-de-la-biennal-dinteriorisme-girona-2011","status":"publish","type":"post","link":"http:\/\/fundaciolluiscoromina.org\/index.php\/2011\/04\/03\/escultura-de-lluis-vila-per-la-guanyadora-de-la-biennal-dinteriorisme-girona-2011\/","title":{"rendered":"Maite Prats, guanyadora de la Biennal d&#8217;Interiorisme de Girona 2011, rep com a premi una escultura-panet de Llu\u00eds Vil\u00e0"},"content":{"rendered":"<p><a href=\"http:\/\/espaieatart.files.wordpress.com\/2011\/04\/dissenyadors-13.png\"><img loading=\"lazy\" decoding=\"async\" class=\"size-large wp-image-266 alignleft\" title=\"dissenyadors-1\" src=\"http:\/\/espaieatart.files.wordpress.com\/2011\/04\/dissenyadors-13.png?w=1024\" alt=\"\" width=\"428\" height=\"274\" \/><\/a><\/p>\n<p>&nbsp;<\/p>\n<p>&nbsp;<\/p>\n<p>&nbsp;<\/p>\n<p>&nbsp;<\/p>\n<p>&nbsp;<\/p>\n<p>&nbsp;<\/p>\n<p><em>A la fotografia, Maite Prats, la cuarta per la dreta.<\/em><\/p>\n<p>La dissenyadora d\u2019interiors Maite Prats ha estat la guanyadora de la XII Biennal d\u2019interiorisme de Girona pel seu projecte a la Cl\u00ednica Dental Pons. El jurat ha concedit a m\u00e9s, una menci\u00f3 especial al treball <em>Estudi de 25 m2<\/em> d\u2019Ariadna Hereu. El guard\u00f3 es va lliurar el dia 1 d\u2019abril en un acte al Parc Cient\u00edfic i Tecnol\u00f2gic de la Universitat de Girona, on tamb\u00e9 es va atorgar el VII Premi Llu\u00eds Cair\u00f3 al dissenyador d\u2019interiors Joan Bosch Bosch, expresident del Col\u00b7legi per la seva traject\u00f2ria. El trofeu al guanyador era una pe\u00e7a del desaparegut artista Llu\u00eds Vil\u00e0. A la foto, el jurat, la guanyadora de la Biennal, Joan Bosch i la presidenta del Col\u00b7legi, Teresa Casas.<\/p>\n<p style=\"text-align:justify;\">\n","protected":false},"excerpt":{"rendered":"<p>&nbsp; &nbsp; &nbsp; &nbsp; &nbsp; &nbsp; A la fotografia, Maite Prats, la cuarta per la dreta. La dissenyadora d\u2019interiors Maite &#8230;<\/p>\n","protected":false},"author":1,"featured_media":0,"comment_status":"open","ping_status":"open","sticky":false,"template":"","format":"standard","meta":{"footnotes":""},"categories":[9],"tags":[],"class_list":["post-268","post","type-post","status-publish","format-standard","hentry","category-historic"],"_links":{"self":[{"href":"http:\/\/fundaciolluiscoromina.org\/index.php\/wp-json\/wp\/v2\/posts\/268","targetHints":{"allow":["GET"]}}],"collection":[{"href":"http:\/\/fundaciolluiscoromina.org\/index.php\/wp-json\/wp\/v2\/posts"}],"about":[{"href":"http:\/\/fundaciolluiscoromina.org\/index.php\/wp-json\/wp\/v2\/types\/post"}],"author":[{"embeddable":true,"href":"http:\/\/fundaciolluiscoromina.org\/index.php\/wp-json\/wp\/v2\/users\/1"}],"replies":[{"embeddable":true,"href":"http:\/\/fundaciolluiscoromina.org\/index.php\/wp-json\/wp\/v2\/comments?post=268"}],"version-history":[{"count":0,"href":"http:\/\/fundaciolluiscoromina.org\/index.php\/wp-json\/wp\/v2\/posts\/268\/revisions"}],"wp:attachment":[{"href":"http:\/\/fundaciolluiscoromina.org\/index.php\/wp-json\/wp\/v2\/media?parent=268"}],"wp:term":[{"taxonomy":"category","embeddable":true,"href":"http:\/\/fundaciolluiscoromina.org\/index.php\/wp-json\/wp\/v2\/categories?post=268"},{"taxonomy":"post_tag","embeddable":true,"href":"http:\/\/fundaciolluiscoromina.org\/index.php\/wp-json\/wp\/v2\/tags?post=268"}],"curies":[{"name":"wp","href":"https:\/\/api.w.org\/{rel}","templated":true}]}}