{"id":2686,"date":"2015-08-01T17:51:28","date_gmt":"2015-08-01T15:51:28","guid":{"rendered":"http:\/\/www.fundaciolluiscoromina.org\/?p=2686"},"modified":"2015-08-01T17:51:28","modified_gmt":"2015-08-01T15:51:28","slug":"sestrena-the-last-cabaret-al-festival-grec-de-barcelona","status":"publish","type":"post","link":"http:\/\/fundaciolluiscoromina.org\/index.php\/2015\/08\/01\/sestrena-the-last-cabaret-al-festival-grec-de-barcelona\/","title":{"rendered":"S&#8217;estrena &#8216;The Last Cabaret&#8217; al Festival Grec de Barcelona"},"content":{"rendered":"<p>Amb la col\u00b7laboraci\u00f3 de la Fundaci\u00f3 Llu\u00eds Coromina i\u00a0dins el Grec Festival de Barcelona s\u2019ha estrenat, amb gran \u00e8xit de cr\u00edtica i de p\u00fablic, <a href=\"https:\/\/www.youtube.com\/watch?v=zgejcTk1eWA&amp;feature=youtu.be\">\u2018The Last Cabaret\u2019<\/a> el projecte transdisciplinari de <a href=\"http:\/\/Kiku%20Mistu\">Kiku Mistu<\/a> que pren el cabaret com a paradigma de l&#8217;\u00e9sser hum\u00e0 i l&#8217;enfronta davant la met\u00e0fora de la <span class=\"hiddenGrammarError\">mort<\/span>.<\/p>\n<div id=\"attachment_2680\" style=\"width: 1034px\" class=\"wp-caption alignnone\"><a href=\"http:\/\/www.fundaciolluiscoromina.org\/wp-content\/uploads\/2015\/08\/MG_0666-1024x683.jpg\"><img loading=\"lazy\" decoding=\"async\" aria-describedby=\"caption-attachment-2680\" class=\"wp-image-2680 size-large\" src=\"http:\/\/www.fundaciolluiscoromina.org\/wp-content\/uploads\/2015\/08\/MG_0666-1024x683-1024x683.jpg\" alt=\"MG_0666-1024x683\" width=\"1024\" height=\"683\" \/><\/a><p id=\"caption-attachment-2680\" class=\"wp-caption-text\">Foto: Crist\u00f3bal Castro<\/p><\/div>\n<div id=\"attachment_2687\" style=\"width: 1034px\" class=\"wp-caption alignnone\"><a href=\"http:\/\/www.fundaciolluiscoromina.org\/wp-content\/uploads\/2015\/08\/33-1024x683.jpg\"><img loading=\"lazy\" decoding=\"async\" aria-describedby=\"caption-attachment-2687\" class=\"wp-image-2687 size-large\" src=\"http:\/\/www.fundaciolluiscoromina.org\/wp-content\/uploads\/2015\/08\/33-1024x683-1024x683.jpg\" alt=\"33-1024x683\" width=\"1024\" height=\"683\" \/><\/a><p id=\"caption-attachment-2687\" class=\"wp-caption-text\">Foto: Crist\u00f3bal Castro<\/p><\/div>\n<div id=\"attachment_2689\" style=\"width: 1034px\" class=\"wp-caption alignnone\"><a href=\"http:\/\/www.fundaciolluiscoromina.org\/wp-content\/uploads\/2015\/08\/MG_0753-1024x683.jpg\"><img loading=\"lazy\" decoding=\"async\" aria-describedby=\"caption-attachment-2689\" class=\"wp-image-2689 size-large\" src=\"http:\/\/www.fundaciolluiscoromina.org\/wp-content\/uploads\/2015\/08\/MG_0753-1024x683-1024x683.jpg\" alt=\"MG_0753-1024x683\" width=\"1024\" height=\"683\" \/><\/a><p id=\"caption-attachment-2689\" class=\"wp-caption-text\">Foto: Crist\u00f3bal Castro<\/p><\/div>\n<div id=\"attachment_2690\" style=\"width: 1034px\" class=\"wp-caption alignnone\"><a href=\"http:\/\/www.fundaciolluiscoromina.org\/wp-content\/uploads\/2015\/08\/MG_1166-1024x683.jpg\"><img loading=\"lazy\" decoding=\"async\" aria-describedby=\"caption-attachment-2690\" class=\"wp-image-2690 size-large\" src=\"http:\/\/www.fundaciolluiscoromina.org\/wp-content\/uploads\/2015\/08\/MG_1166-1024x683-1024x683.jpg\" alt=\"MG_1166-1024x683\" width=\"1024\" height=\"683\" \/><\/a><p id=\"caption-attachment-2690\" class=\"wp-caption-text\">Foto: Crist\u00f3bal Castro<\/p><\/div>\n","protected":false},"excerpt":{"rendered":"<p>Amb la col\u00b7laboraci\u00f3 de la Fundaci\u00f3 Llu\u00eds Coromina i\u00a0dins el Grec Festival de Barcelona s\u2019ha estrenat, amb gran \u00e8xit de &#8230;<\/p>\n","protected":false},"author":2,"featured_media":2688,"comment_status":"open","ping_status":"open","sticky":false,"template":"","format":"standard","meta":{"footnotes":""},"categories":[14],"tags":[202,203,102],"class_list":["post-2686","post","type-post","status-publish","format-standard","has-post-thumbnail","hentry","category-accions-culturals","tag-cabaret","tag-festival-grec-de-barcelona","tag-kiku-mistu"],"_links":{"self":[{"href":"http:\/\/fundaciolluiscoromina.org\/index.php\/wp-json\/wp\/v2\/posts\/2686","targetHints":{"allow":["GET"]}}],"collection":[{"href":"http:\/\/fundaciolluiscoromina.org\/index.php\/wp-json\/wp\/v2\/posts"}],"about":[{"href":"http:\/\/fundaciolluiscoromina.org\/index.php\/wp-json\/wp\/v2\/types\/post"}],"author":[{"embeddable":true,"href":"http:\/\/fundaciolluiscoromina.org\/index.php\/wp-json\/wp\/v2\/users\/2"}],"replies":[{"embeddable":true,"href":"http:\/\/fundaciolluiscoromina.org\/index.php\/wp-json\/wp\/v2\/comments?post=2686"}],"version-history":[{"count":0,"href":"http:\/\/fundaciolluiscoromina.org\/index.php\/wp-json\/wp\/v2\/posts\/2686\/revisions"}],"wp:attachment":[{"href":"http:\/\/fundaciolluiscoromina.org\/index.php\/wp-json\/wp\/v2\/media?parent=2686"}],"wp:term":[{"taxonomy":"category","embeddable":true,"href":"http:\/\/fundaciolluiscoromina.org\/index.php\/wp-json\/wp\/v2\/categories?post=2686"},{"taxonomy":"post_tag","embeddable":true,"href":"http:\/\/fundaciolluiscoromina.org\/index.php\/wp-json\/wp\/v2\/tags?post=2686"}],"curies":[{"name":"wp","href":"https:\/\/api.w.org\/{rel}","templated":true}]}}