{"id":2697,"date":"2015-08-15T20:09:09","date_gmt":"2015-08-15T18:09:09","guid":{"rendered":"http:\/\/www.fundaciolluiscoromina.org\/?p=2697"},"modified":"2015-08-15T20:09:09","modified_gmt":"2015-08-15T18:09:09","slug":"paissatge-gastronomia-musica-magia-teatre-i-dansa-durant-la-i-nit-solidaria-costa-brava","status":"publish","type":"post","link":"http:\/\/fundaciolluiscoromina.org\/index.php\/2015\/08\/15\/paissatge-gastronomia-musica-magia-teatre-i-dansa-durant-la-i-nit-solidaria-costa-brava\/","title":{"rendered":"Paisatge, gastronomia, m\u00fasica, m\u00e0gia, teatre i dansa durant la I nit solid\u00e0ria Costa Brava"},"content":{"rendered":"<p>La Nit Solid\u00e0ria de la Costa Brava, que es va celebrar el passat 9 d&#8217;agost al Mas del Vent de Palam\u00f3s, va aplegar m\u00e9s de 150 assistents que van gaudir d&#8217;una vetllada plena de solidaritat, arts i gastronomia en un dels entorns m\u00e9s privilegiats de la costa brava.<\/p>\n<p>Amb l&#8217;objectiu de contribuir a la recerca d&#8217;una cura per la Sida, es van recaptar 60.000 euros en aquest acte organitzat per Fundaci\u00f3 Llu\u00eds Coromina, Focus <span class=\"hiddenSpellError\">Engelhorn<\/span> i <span class=\"hiddenSpellError\">Bonart<\/span> cultural en benefici de la Fundaci\u00f3 Lluita contra la Sida. A part del que es va recaptar amb els tiquets del sopar, durant la Nit Solid\u00e0ria Costa Brava el president de la Fundaci\u00f3 Llu\u00eds Coromina, va posar a la venda una obra de Jaume <span class=\"hiddenSpellError\">Plensa<\/span>, l\u2019escultura Dona creada el 1983 per l\u2019artista catal\u00e0, per poder augmentar el donatiu a la Fundaci\u00f3 Lluita contra la Sida.<\/p>\n<p>Amb la pres\u00e8ncia del doctor Bonaventura Clotet i representants de totes les entitats p\u00fabliques i privades organitzadores, el sopar va anar a c\u00e0rrec de cinc xefs gironins amb Estrella Michelin: Quim <span class=\"hiddenSpellError\">Casellas<\/span>, del <span class=\"hiddenSpellError\">Casamar<\/span> de Calella de Palafrugell; Marc Gascons, d\u2019Els <span class=\"hiddenSpellError\">Tinars<\/span> de Llagostera; Fina Puigdevall, de Les Cols d\u2019Olot; Pere Arpa, de Ca l\u2019Arpa de Banyoles; Albert <span class=\"hiddenSpellError\">Sastregener<\/span>, del Bo<span class=\"hiddenGrammarError\">.Tic<\/span> de Cor\u00e7\u00e0 i finalment, el millor restaurant del m\u00f3n, El Celler de Can Roca, que es va fer c\u00e0rrec de les postres.<\/p>\n<p>Per a donacions destinades a la Fundaci\u00f3 Lluita contra la Sida: ES78 2100 0325 4902 0011 2862.<\/p>\n<p><a href=\"http:\/\/www.fundaciolluiscoromina.org\/wp-content\/uploads\/2015\/08\/aperitiu2.jpg\"><img loading=\"lazy\" decoding=\"async\" class=\"alignnone size-large wp-image-2699\" src=\"http:\/\/www.fundaciolluiscoromina.org\/wp-content\/uploads\/2015\/08\/aperitiu2-1024x576.jpg\" alt=\"aperitiu2\" width=\"1024\" height=\"576\" \/><\/a><a href=\"http:\/\/www.fundaciolluiscoromina.org\/wp-content\/uploads\/2015\/08\/photocall_ricard_focus_coromina.jpg\"><img loading=\"lazy\" decoding=\"async\" class=\"alignnone size-large wp-image-2706\" src=\"http:\/\/www.fundaciolluiscoromina.org\/wp-content\/uploads\/2015\/08\/photocall_ricard_focus_coromina-1024x612.jpg\" alt=\"photocall_ricard_focus_coromina\" width=\"1024\" height=\"612\" \/><\/a><\/p>\n<p><a href=\"http:\/\/www.fundaciolluiscoromina.org\/wp-content\/uploads\/2015\/08\/aperitius_saxo.jpg\"><img loading=\"lazy\" decoding=\"async\" class=\"alignnone size-large wp-image-2700\" src=\"http:\/\/www.fundaciolluiscoromina.org\/wp-content\/uploads\/2015\/08\/aperitius_saxo-1024x576.jpg\" alt=\"aperitius_saxo\" width=\"1024\" height=\"576\" \/><\/a> <a href=\"http:\/\/www.fundaciolluiscoromina.org\/wp-content\/uploads\/2015\/08\/bonaventura_santivila.jpg\"><img loading=\"lazy\" decoding=\"async\" class=\"alignnone size-large wp-image-2701\" src=\"http:\/\/www.fundaciolluiscoromina.org\/wp-content\/uploads\/2015\/08\/bonaventura_santivila-1024x567.jpg\" alt=\"bonaventura_santivila\" width=\"1024\" height=\"567\" \/><\/a> <a href=\"http:\/\/www.fundaciolluiscoromina.org\/wp-content\/uploads\/2015\/08\/cobosmika.jpg\"><img loading=\"lazy\" decoding=\"async\" class=\"alignnone size-large wp-image-2702\" src=\"http:\/\/www.fundaciolluiscoromina.org\/wp-content\/uploads\/2015\/08\/cobosmika-1024x576.jpg\" alt=\"cobosmika\" width=\"1024\" height=\"576\" \/><\/a> <a href=\"http:\/\/www.fundaciolluiscoromina.org\/wp-content\/uploads\/2015\/08\/maglari.jpg\"><img loading=\"lazy\" decoding=\"async\" class=\"alignnone size-large wp-image-2703\" src=\"http:\/\/www.fundaciolluiscoromina.org\/wp-content\/uploads\/2015\/08\/maglari-1024x576.jpg\" alt=\"maglari\" width=\"1024\" height=\"576\" \/><\/a> <a href=\"http:\/\/www.fundaciolluiscoromina.org\/wp-content\/uploads\/2015\/08\/nitsolidariacostabrava.jpg\"><img loading=\"lazy\" decoding=\"async\" class=\"alignnone size-large wp-image-2704\" src=\"http:\/\/www.fundaciolluiscoromina.org\/wp-content\/uploads\/2015\/08\/nitsolidariacostabrava-1024x683.jpg\" alt=\"nitsolidariacostabrava\" width=\"1024\" height=\"683\" \/><\/a> <a href=\"http:\/\/www.fundaciolluiscoromina.org\/wp-content\/uploads\/2015\/08\/parlamentsinici.jpg\"><img loading=\"lazy\" decoding=\"async\" class=\"alignnone size-large wp-image-2705\" src=\"http:\/\/www.fundaciolluiscoromina.org\/wp-content\/uploads\/2015\/08\/parlamentsinici-1024x576.jpg\" alt=\"parlamentsinici\" width=\"1024\" height=\"576\" \/><\/a><\/p>\n","protected":false},"excerpt":{"rendered":"<p>La Nit Solid\u00e0ria de la Costa Brava, que es va celebrar el passat 9 d&#8217;agost al Mas del Vent de &#8230;<\/p>\n","protected":false},"author":2,"featured_media":2709,"comment_status":"open","ping_status":"open","sticky":false,"template":"","format":"standard","meta":{"footnotes":""},"categories":[15],"tags":[204,198,199,205],"class_list":["post-2697","post","type-post","status-publish","format-standard","has-post-thumbnail","hentry","category-accions-socials","tag-claustre-pal","tag-flsida","tag-focus-engelhorn","tag-nit-solidaria"],"_links":{"self":[{"href":"http:\/\/fundaciolluiscoromina.org\/index.php\/wp-json\/wp\/v2\/posts\/2697","targetHints":{"allow":["GET"]}}],"collection":[{"href":"http:\/\/fundaciolluiscoromina.org\/index.php\/wp-json\/wp\/v2\/posts"}],"about":[{"href":"http:\/\/fundaciolluiscoromina.org\/index.php\/wp-json\/wp\/v2\/types\/post"}],"author":[{"embeddable":true,"href":"http:\/\/fundaciolluiscoromina.org\/index.php\/wp-json\/wp\/v2\/users\/2"}],"replies":[{"embeddable":true,"href":"http:\/\/fundaciolluiscoromina.org\/index.php\/wp-json\/wp\/v2\/comments?post=2697"}],"version-history":[{"count":0,"href":"http:\/\/fundaciolluiscoromina.org\/index.php\/wp-json\/wp\/v2\/posts\/2697\/revisions"}],"wp:attachment":[{"href":"http:\/\/fundaciolluiscoromina.org\/index.php\/wp-json\/wp\/v2\/media?parent=2697"}],"wp:term":[{"taxonomy":"category","embeddable":true,"href":"http:\/\/fundaciolluiscoromina.org\/index.php\/wp-json\/wp\/v2\/categories?post=2697"},{"taxonomy":"post_tag","embeddable":true,"href":"http:\/\/fundaciolluiscoromina.org\/index.php\/wp-json\/wp\/v2\/tags?post=2697"}],"curies":[{"name":"wp","href":"https:\/\/api.w.org\/{rel}","templated":true}]}}