{"id":2714,"date":"2015-08-21T01:19:47","date_gmt":"2015-08-20T23:19:47","guid":{"rendered":"http:\/\/www.fundaciolluiscoromina.org\/?p=2714"},"modified":"2015-08-21T01:19:47","modified_gmt":"2015-08-20T23:19:47","slug":"inauguracio-de-lexposicio-cel-infern-a-carrec-de-kito-pau","status":"publish","type":"post","link":"http:\/\/fundaciolluiscoromina.org\/index.php\/2015\/08\/21\/inauguracio-de-lexposicio-cel-infern-a-carrec-de-kito-pau\/","title":{"rendered":"Presentaci\u00f3 del mural &#8216;Cel infern&#8217; a c\u00e0rrec de Kito Pau"},"content":{"rendered":"<p>L&#8217;Espai Eat Art, durant el cap de setmana de les festes d&#8217;agost de Banyoles, ha acollit l&#8217;exposici\u00f3 &#8216;Cel infern&#8217; de l&#8217;artista banyol\u00ed Kito Pau, amb els dos quadres que representen el cel i l&#8217;infern, m\u00e9s una s\u00e8rie de retrats de personalitats banyolines.<\/p>\n<div id=\"attachment_2716\" style=\"width: 1034px\" class=\"wp-caption alignnone\"><a href=\"http:\/\/www.fundaciolluiscoromina.org\/wp-content\/uploads\/2015\/08\/IMG_1250.jpg\"><img loading=\"lazy\" decoding=\"async\" aria-describedby=\"caption-attachment-2716\" class=\"wp-image-2716 size-large\" src=\"http:\/\/www.fundaciolluiscoromina.org\/wp-content\/uploads\/2015\/08\/IMG_1250-1024x683.jpg\" alt=\"IMG_1250\" width=\"1024\" height=\"683\" \/><\/a><p id=\"caption-attachment-2716\" class=\"wp-caption-text\">Foto: Joan Comalat<\/p><\/div>\n<div id=\"attachment_2718\" style=\"width: 1034px\" class=\"wp-caption alignnone\"><a href=\"http:\/\/www.fundaciolluiscoromina.org\/wp-content\/uploads\/2015\/08\/IMG_1264.jpg\"><img loading=\"lazy\" decoding=\"async\" aria-describedby=\"caption-attachment-2718\" class=\"wp-image-2718 size-large\" src=\"http:\/\/www.fundaciolluiscoromina.org\/wp-content\/uploads\/2015\/08\/IMG_1264-1024x683.jpg\" alt=\"IMG_1264\" width=\"1024\" height=\"683\" \/><\/a><p id=\"caption-attachment-2718\" class=\"wp-caption-text\">Foto: Joan Comalat<\/p><\/div>\n<div id=\"attachment_2717\" style=\"width: 1034px\" class=\"wp-caption alignnone\"><a href=\"http:\/\/www.fundaciolluiscoromina.org\/wp-content\/uploads\/2015\/08\/IMG_1258.jpg\"><img loading=\"lazy\" decoding=\"async\" aria-describedby=\"caption-attachment-2717\" class=\"wp-image-2717 size-large\" src=\"http:\/\/www.fundaciolluiscoromina.org\/wp-content\/uploads\/2015\/08\/IMG_1258-1024x683.jpg\" alt=\"IMG_1258\" width=\"1024\" height=\"683\" \/><\/a><p id=\"caption-attachment-2717\" class=\"wp-caption-text\">Foto: Joan Comalat<\/p><\/div>\n","protected":false},"excerpt":{"rendered":"<p>L&#8217;Espai Eat Art, durant el cap de setmana de les festes d&#8217;agost de Banyoles, ha acollit l&#8217;exposici\u00f3 &#8216;Cel infern&#8217; de &#8230;<\/p>\n","protected":false},"author":2,"featured_media":2715,"comment_status":"open","ping_status":"open","sticky":false,"template":"","format":"standard","meta":{"footnotes":""},"categories":[10,17,9],"tags":[206,27,207,208],"class_list":["post-2714","post","type-post","status-publish","format-standard","has-post-thumbnail","hentry","category-activitats","category-exposicions-espai-eat-art","category-historic","tag-banyolins","tag-espai-eat-art","tag-kito-pau","tag-pintura"],"_links":{"self":[{"href":"http:\/\/fundaciolluiscoromina.org\/index.php\/wp-json\/wp\/v2\/posts\/2714","targetHints":{"allow":["GET"]}}],"collection":[{"href":"http:\/\/fundaciolluiscoromina.org\/index.php\/wp-json\/wp\/v2\/posts"}],"about":[{"href":"http:\/\/fundaciolluiscoromina.org\/index.php\/wp-json\/wp\/v2\/types\/post"}],"author":[{"embeddable":true,"href":"http:\/\/fundaciolluiscoromina.org\/index.php\/wp-json\/wp\/v2\/users\/2"}],"replies":[{"embeddable":true,"href":"http:\/\/fundaciolluiscoromina.org\/index.php\/wp-json\/wp\/v2\/comments?post=2714"}],"version-history":[{"count":0,"href":"http:\/\/fundaciolluiscoromina.org\/index.php\/wp-json\/wp\/v2\/posts\/2714\/revisions"}],"wp:attachment":[{"href":"http:\/\/fundaciolluiscoromina.org\/index.php\/wp-json\/wp\/v2\/media?parent=2714"}],"wp:term":[{"taxonomy":"category","embeddable":true,"href":"http:\/\/fundaciolluiscoromina.org\/index.php\/wp-json\/wp\/v2\/categories?post=2714"},{"taxonomy":"post_tag","embeddable":true,"href":"http:\/\/fundaciolluiscoromina.org\/index.php\/wp-json\/wp\/v2\/tags?post=2714"}],"curies":[{"name":"wp","href":"https:\/\/api.w.org\/{rel}","templated":true}]}}