{"id":2732,"date":"2015-09-07T20:24:02","date_gmt":"2015-09-07T18:24:02","guid":{"rendered":"http:\/\/www.fundaciolluiscoromina.org\/?p=2732"},"modified":"2015-09-07T20:24:02","modified_gmt":"2015-09-07T18:24:02","slug":"inauguracio-de-lexposicio-benefica-la-lentitud","status":"publish","type":"post","link":"http:\/\/fundaciolluiscoromina.org\/index.php\/2015\/09\/07\/inauguracio-de-lexposicio-benefica-la-lentitud\/","title":{"rendered":"Inauguraci\u00f3 de l&#8217;exposici\u00f3 ben\u00e8fica &#8216;La Lentitud&#8217;"},"content":{"rendered":"<p>L\u2019Espai Eat Art va inaugurar l\u2019exposici\u00f3 ben\u00e8fica &#8216;La Lentitud&#8217; en la que, a partir de la suggesti\u00f3 d\u2019una paraula, 22 fot\u00f2grafs s&#8217;expressen subjectivament a trav\u00e9s de les seves imatges. L\u2019objectiu de la mostra \u00e9s q\u00fcestionar la restricci\u00f3 d\u2019assignar permanentment significats en el p\u00fablic. Tino Soriano, Dolors Gibert, Antoni Torres, Irene Visa, Jaume Llorens, Quim Fern\u00e0ndez, Anna Bah\u00ed, Xavier P\u00e9rez, Merc\u00e8 Roig\u00e8, Pere Duran, Yurian Quintanas, Joan de la Parra, Maria Abras, Harold Abellan, Miquel Planells, Andoni Canela, Lydia Bosse, Josep Corominas, Jaume Lis, Irene Serrat, David Bohigas i Helena Aguilar, representen en aquesta exposici\u00f3 a l\u2019agrupaci\u00f3 oberta de fot\u00f2grafs Photog\u00e8nika i han donat les seves obres perqu\u00e8 siguin subhastades el dia 18 de setembre en benefici de la Fundaci\u00f3 Estany i la Fundaci\u00f3 Mas Casadevall. L&#8217;exposici\u00f3 es podr\u00e0 visitar fins al 26 de setembre.<\/p>\n<div id=\"attachment_2739\" style=\"width: 1034px\" class=\"wp-caption alignnone\"><a href=\"http:\/\/www.fundaciolluiscoromina.org\/wp-content\/uploads\/2015\/09\/In-La-Lentitut-\u00a9Pere-Duran-P8.jpg\"><img loading=\"lazy\" decoding=\"async\" aria-describedby=\"caption-attachment-2739\" class=\"size-large wp-image-2739\" src=\"http:\/\/www.fundaciolluiscoromina.org\/wp-content\/uploads\/2015\/09\/In-La-Lentitut-\u00a9Pere-Duran-P8-1024x683.jpg\" alt=\"05\/09\/15 Inaguraci\u00f3 exposici\u00f3 La Lentitut del col.lectiu Fotog\u00e8nica a l'espai Eat Art de Banyoles. FOTO: PERE DURAN\" width=\"1024\" height=\"683\" \/><\/a><p id=\"caption-attachment-2739\" class=\"wp-caption-text\">05\/09\/15 Inaguraci\u00f3 exposici\u00f3 La Lentitut del col.lectiu Fotog\u00e8nica a l&#8217;espai Eat Art de Banyoles. FOTO: PERE DURAN<\/p><\/div>\n<div id=\"attachment_2736\" style=\"width: 1034px\" class=\"wp-caption alignnone\"><a href=\"http:\/\/www.fundaciolluiscoromina.org\/wp-content\/uploads\/2015\/09\/In-La-Lentitut-\u00a9Pere-Duran-P5.jpg\"><img loading=\"lazy\" decoding=\"async\" aria-describedby=\"caption-attachment-2736\" class=\"size-large wp-image-2736\" src=\"http:\/\/www.fundaciolluiscoromina.org\/wp-content\/uploads\/2015\/09\/In-La-Lentitut-\u00a9Pere-Duran-P5-1024x683.jpg\" alt=\"05\/09\/15 Inaguraci\u00f3 exposici\u00f3 La Lentitut del col.lectiu Fotog\u00e8nica a l'espai Eat Art de Banyoles. FOTO: PERE DURAN\" width=\"1024\" height=\"683\" \/><\/a><p id=\"caption-attachment-2736\" class=\"wp-caption-text\">05\/09\/15 Inaguraci\u00f3 exposici\u00f3 La Lentitut del col.lectiu Fotog\u00e8nica a l&#8217;espai Eat Art de Banyoles. FOTO: PERE DURAN<\/p><\/div>\n<div id=\"attachment_2734\" style=\"width: 1034px\" class=\"wp-caption alignnone\"><a href=\"http:\/\/www.fundaciolluiscoromina.org\/wp-content\/uploads\/2015\/09\/In-La-Lentitut-\u00a9Pere-Duran-P2.jpg\"><img loading=\"lazy\" decoding=\"async\" aria-describedby=\"caption-attachment-2734\" class=\"size-large wp-image-2734\" src=\"http:\/\/www.fundaciolluiscoromina.org\/wp-content\/uploads\/2015\/09\/In-La-Lentitut-\u00a9Pere-Duran-P2-1024x683.jpg\" alt=\"05\/09\/15 Inaguraci\u00f3 exposici\u00f3 La Lentitut del col.lectiu Fotog\u00e8nica a l'espai Eat Art de Banyoles. FOTO: PERE DURAN\" width=\"1024\" height=\"683\" \/><\/a><p id=\"caption-attachment-2734\" class=\"wp-caption-text\">05\/09\/15 Inaguraci\u00f3 exposici\u00f3 La Lentitut del col.lectiu Fotog\u00e8nica a l&#8217;espai Eat Art de Banyoles. FOTO: PERE DURAN<\/p><\/div>\n<div id=\"attachment_2733\" style=\"width: 1034px\" class=\"wp-caption alignnone\"><a href=\"http:\/\/www.fundaciolluiscoromina.org\/wp-content\/uploads\/2015\/09\/In-La-Lentitut-\u00a9Pere-Duran-P1.jpg\"><img loading=\"lazy\" decoding=\"async\" aria-describedby=\"caption-attachment-2733\" class=\"size-large wp-image-2733\" src=\"http:\/\/www.fundaciolluiscoromina.org\/wp-content\/uploads\/2015\/09\/In-La-Lentitut-\u00a9Pere-Duran-P1-1024x683.jpg\" alt=\"05\/09\/15 Inaguraci\u00f3 exposici\u00f3 La Lentitut del col.lectiu Fotog\u00e8nica a l'espai Eat Art de Banyoles. FOTO: PERE DURAN\" width=\"1024\" height=\"683\" \/><\/a><p id=\"caption-attachment-2733\" class=\"wp-caption-text\">05\/09\/15 Inaguraci\u00f3 exposici\u00f3 La Lentitut del col.lectiu Fotog\u00e8nica a l&#8217;espai Eat Art de Banyoles. FOTO: PERE DURAN<\/p><\/div>\n","protected":false},"excerpt":{"rendered":"<p>L\u2019Espai Eat Art va inaugurar l\u2019exposici\u00f3 ben\u00e8fica &#8216;La Lentitud&#8217; en la que, a partir de la suggesti\u00f3 d\u2019una paraula, 22 &#8230;<\/p>\n","protected":false},"author":2,"featured_media":2735,"comment_status":"open","ping_status":"open","sticky":false,"template":"","format":"standard","meta":{"footnotes":""},"categories":[14,15,17],"tags":[27,63,209],"class_list":["post-2732","post","type-post","status-publish","format-standard","has-post-thumbnail","hentry","category-accions-culturals","category-accions-socials","category-exposicions-espai-eat-art","tag-espai-eat-art","tag-fotografia","tag-photogenika"],"_links":{"self":[{"href":"http:\/\/fundaciolluiscoromina.org\/index.php\/wp-json\/wp\/v2\/posts\/2732","targetHints":{"allow":["GET"]}}],"collection":[{"href":"http:\/\/fundaciolluiscoromina.org\/index.php\/wp-json\/wp\/v2\/posts"}],"about":[{"href":"http:\/\/fundaciolluiscoromina.org\/index.php\/wp-json\/wp\/v2\/types\/post"}],"author":[{"embeddable":true,"href":"http:\/\/fundaciolluiscoromina.org\/index.php\/wp-json\/wp\/v2\/users\/2"}],"replies":[{"embeddable":true,"href":"http:\/\/fundaciolluiscoromina.org\/index.php\/wp-json\/wp\/v2\/comments?post=2732"}],"version-history":[{"count":0,"href":"http:\/\/fundaciolluiscoromina.org\/index.php\/wp-json\/wp\/v2\/posts\/2732\/revisions"}],"wp:attachment":[{"href":"http:\/\/fundaciolluiscoromina.org\/index.php\/wp-json\/wp\/v2\/media?parent=2732"}],"wp:term":[{"taxonomy":"category","embeddable":true,"href":"http:\/\/fundaciolluiscoromina.org\/index.php\/wp-json\/wp\/v2\/categories?post=2732"},{"taxonomy":"post_tag","embeddable":true,"href":"http:\/\/fundaciolluiscoromina.org\/index.php\/wp-json\/wp\/v2\/tags?post=2732"}],"curies":[{"name":"wp","href":"https:\/\/api.w.org\/{rel}","templated":true}]}}