{"id":2748,"date":"2015-09-19T19:04:51","date_gmt":"2015-09-19T17:04:51","guid":{"rendered":"http:\/\/www.fundaciolluiscoromina.org\/?p=2748"},"modified":"2015-09-19T19:04:51","modified_gmt":"2015-09-19T17:04:51","slug":"subhasta-solidaria-a-lespai-eat-art-en-benefici-de-la-fundacio-estany-i-la-fundacio-mas-casadevall","status":"publish","type":"post","link":"http:\/\/fundaciolluiscoromina.org\/index.php\/2015\/09\/19\/subhasta-solidaria-a-lespai-eat-art-en-benefici-de-la-fundacio-estany-i-la-fundacio-mas-casadevall\/","title":{"rendered":"Subhasta solid\u00e0ria a l\u2019Espai Eat Art en benefici de la Fundaci\u00f3 Estany i la Fundaci\u00f3 Mas Casadevall"},"content":{"rendered":"<p>L\u2019Agrupaci\u00f3 de fot\u00f2grafs <span class=\"hiddenSpellError\">Photog\u00e8nika<\/span> va donar les obres que es van poder adquirir durant la subhasta, fotografies de <span class=\"hiddenSpellError\">Tino<\/span> Soriano, Dolors Gibert <span class=\"hiddenSpellError\">Vi\u00f1olas<\/span>, Antoni Torres, <span class=\"hiddenSpellError\">Irena<\/span> Visa, Jaume <span class=\"hiddenSpellError\">Llorens<\/span>, Quim <span class=\"hiddenSpellError\">Fern\u00e0ndez<\/span> Call\u00eds, Anna <span class=\"hiddenSpellError\">Bahi<\/span> <span class=\"hiddenSpellError\">Tarafa<\/span>, Xavier P\u00e9rez D\u00edaz, Merc\u00e8 <span class=\"hiddenSpellError\">Roig\u00e9<\/span>, Pere Duran, <span class=\"hiddenSpellError\">Yurian<\/span> <span class=\"hiddenSpellError\">Quintanas<\/span>, Joan de la Parra, Maria <span class=\"hiddenSpellError\">Abras<\/span>, Harold Abellan, Miquel Planells, <span class=\"hiddenSpellError\">Andoni<\/span> <span class=\"hiddenSpellError\">Canela<\/span>, <span class=\"hiddenSpellError\">Lydia<\/span> <span class=\"hiddenSpellError\">Bosse<\/span>, Josep <span class=\"hiddenSpellError\">Corominas<\/span>, Jaume Lis, Irene Serrat, David <span class=\"hiddenSpellError\">Bohigas<\/span> Serra i Helena Aguilar.<\/p>\n<p>Sota el t\u00edtol \u2018La Lentitud\u2019, l\u2019exposici\u00f3, que es podr\u00e0 visitar fins al dia 26 de setembre \u00e9s un assaig visual format a partir de la suggesti\u00f3 de la paraula \u2018lentitud\u2019 i s&#8217;articula a partir de les imatges dels 22 fot\u00f2grafs que l&#8217;expressen mitjan\u00e7ant la seva subjectivitat.<\/p>\n<div id=\"attachment_2753\" style=\"width: 1034px\" class=\"wp-caption alignnone\"><a href=\"http:\/\/www.fundaciolluiscoromina.org\/wp-content\/uploads\/2015\/09\/Subhasta-Lentitut-\u00a9Pere-Duran-P3.jpg\"><img loading=\"lazy\" decoding=\"async\" aria-describedby=\"caption-attachment-2753\" class=\"size-large wp-image-2753\" src=\"http:\/\/www.fundaciolluiscoromina.org\/wp-content\/uploads\/2015\/09\/Subhasta-Lentitut-\u00a9Pere-Duran-P3-1024x683.jpg\" alt=\"18\/09\/15 Subhasta de fotografies de l'exposici\u00f3 La Lentitut a l'Espai Eat Art. FOTO:PERE DURAN\" width=\"1024\" height=\"683\" \/><\/a><p id=\"caption-attachment-2753\" class=\"wp-caption-text\">18\/09\/15 Subhasta de fotografies de l&#8217;exposici\u00f3 La Lentitut a l&#8217;Espai Eat Art. FOTO:PERE DURAN<\/p><\/div>\n<div id=\"attachment_2752\" style=\"width: 1034px\" class=\"wp-caption alignnone\"><a href=\"http:\/\/www.fundaciolluiscoromina.org\/wp-content\/uploads\/2015\/09\/Subhasta-Lentitut-\u00a9Pere-Duran-P2.jpg\"><img loading=\"lazy\" decoding=\"async\" aria-describedby=\"caption-attachment-2752\" class=\"wp-image-2752 size-large\" src=\"http:\/\/www.fundaciolluiscoromina.org\/wp-content\/uploads\/2015\/09\/Subhasta-Lentitut-\u00a9Pere-Duran-P2-1024x683.jpg\" alt=\"\" width=\"1024\" height=\"683\" \/><\/a><p id=\"caption-attachment-2752\" class=\"wp-caption-text\">18\/09\/15 Subhasta de fotografies de l&#8217;exposici\u00f3 La Lentitut a l&#8217;Espai Eat Art. FOTO:PERE DURAN<\/p><\/div>\n<div id=\"attachment_2750\" style=\"width: 804px\" class=\"wp-caption alignnone\"><a href=\"http:\/\/www.fundaciolluiscoromina.org\/wp-content\/uploads\/2015\/09\/12038055_10207582425024397_2184242212559900049_n.jpg\"><img loading=\"lazy\" decoding=\"async\" aria-describedby=\"caption-attachment-2750\" class=\"wp-image-2750 size-full\" src=\"http:\/\/www.fundaciolluiscoromina.org\/wp-content\/uploads\/2015\/09\/12038055_10207582425024397_2184242212559900049_n.jpg\" alt=\"12038055_10207582425024397_2184242212559900049_n\" width=\"794\" height=\"531\" \/><\/a><p id=\"caption-attachment-2750\" class=\"wp-caption-text\">18\/09\/15 Subhasta de fotografies de l&#8217;exposici\u00f3 La Lentitut a l&#8217;Espai Eat Art. FOTO: ANNA BAH\u00cd<\/p><\/div>\n<div id=\"attachment_2749\" style=\"width: 804px\" class=\"wp-caption alignnone\"><a href=\"http:\/\/www.fundaciolluiscoromina.org\/wp-content\/uploads\/2015\/09\/12003284_10207582424744390_3210960748151991764_n.jpg\"><img loading=\"lazy\" decoding=\"async\" aria-describedby=\"caption-attachment-2749\" class=\"wp-image-2749 size-full\" src=\"http:\/\/www.fundaciolluiscoromina.org\/wp-content\/uploads\/2015\/09\/12003284_10207582424744390_3210960748151991764_n.jpg\" alt=\"\" width=\"794\" height=\"471\" \/><\/a><p id=\"caption-attachment-2749\" class=\"wp-caption-text\">18\/09\/15 Subhasta de fotografies de l&#8217;exposici\u00f3 La Lentitut a l&#8217;Espai Eat Art. FOTO: ANNA BAH\u00cd<\/p><\/div>\n","protected":false},"excerpt":{"rendered":"<p>L\u2019Agrupaci\u00f3 de fot\u00f2grafs Photog\u00e8nika va donar les obres que es van poder adquirir durant la subhasta, fotografies de Tino Soriano, &#8230;<\/p>\n","protected":false},"author":2,"featured_media":2751,"comment_status":"open","ping_status":"open","sticky":false,"template":"","format":"standard","meta":{"footnotes":""},"categories":[14,15,17],"tags":[27,63,209],"class_list":["post-2748","post","type-post","status-publish","format-standard","has-post-thumbnail","hentry","category-accions-culturals","category-accions-socials","category-exposicions-espai-eat-art","tag-espai-eat-art","tag-fotografia","tag-photogenika"],"_links":{"self":[{"href":"http:\/\/fundaciolluiscoromina.org\/index.php\/wp-json\/wp\/v2\/posts\/2748","targetHints":{"allow":["GET"]}}],"collection":[{"href":"http:\/\/fundaciolluiscoromina.org\/index.php\/wp-json\/wp\/v2\/posts"}],"about":[{"href":"http:\/\/fundaciolluiscoromina.org\/index.php\/wp-json\/wp\/v2\/types\/post"}],"author":[{"embeddable":true,"href":"http:\/\/fundaciolluiscoromina.org\/index.php\/wp-json\/wp\/v2\/users\/2"}],"replies":[{"embeddable":true,"href":"http:\/\/fundaciolluiscoromina.org\/index.php\/wp-json\/wp\/v2\/comments?post=2748"}],"version-history":[{"count":0,"href":"http:\/\/fundaciolluiscoromina.org\/index.php\/wp-json\/wp\/v2\/posts\/2748\/revisions"}],"wp:attachment":[{"href":"http:\/\/fundaciolluiscoromina.org\/index.php\/wp-json\/wp\/v2\/media?parent=2748"}],"wp:term":[{"taxonomy":"category","embeddable":true,"href":"http:\/\/fundaciolluiscoromina.org\/index.php\/wp-json\/wp\/v2\/categories?post=2748"},{"taxonomy":"post_tag","embeddable":true,"href":"http:\/\/fundaciolluiscoromina.org\/index.php\/wp-json\/wp\/v2\/tags?post=2748"}],"curies":[{"name":"wp","href":"https:\/\/api.w.org\/{rel}","templated":true}]}}