{"id":2780,"date":"2015-10-24T13:52:36","date_gmt":"2015-10-24T11:52:36","guid":{"rendered":"http:\/\/www.fundaciolluiscoromina.org\/?p=2780"},"modified":"2015-10-24T13:52:36","modified_gmt":"2015-10-24T11:52:36","slug":"la-fira-swab-concedeix-el-premi-fundacio-lluis-coromina-a-lartista-gonzalo-elvira","status":"publish","type":"post","link":"http:\/\/fundaciolluiscoromina.org\/index.php\/2015\/10\/24\/la-fira-swab-concedeix-el-premi-fundacio-lluis-coromina-a-lartista-gonzalo-elvira\/","title":{"rendered":"La fira SWAB concedeix el Premi Fundaci\u00f3 Llu\u00eds Coromina a l&#8217;artista Gonzalo Elvira i al projecte &#8216;Arts coming&#8217;"},"content":{"rendered":"<p>La fira <span class=\"hiddenSpellError\">SWAB<\/span> que s\u2019ha celebrat aquest mes a Barcelona, ha concedit el Premi Fundaci\u00f3 Llu\u00eds Coromina al millor artista catal\u00e0 a <span class=\"hiddenSpellError\">Gonzalo<\/span> Elvira de la galeria <span class=\"hiddenSpellError\">Sicart<\/span>. Aquest premi, amb el suport de <span class=\"hiddenSpellError\">Bonart<\/span> Cultural, consisteix en l\u2019adquisici\u00f3 d\u2019una obra d\u2019un artista catal\u00e0 present a la fira.<\/p>\n<p>President del Jurat : Llu\u00eds Coromina, President Fundaci\u00f3 Llu\u00eds Coromina.<br \/>\nMembres del Jurat: Joan M. Minguet (President de l&#8217;Associaci\u00f3 Catalana de Cr\u00edtics d&#8217;Art), Montse Badia (Cr\u00edtica d&#8217;art i Directora art\u00edstica de Cal Cego), Ricard Planas (Cr\u00edtic d&#8217;art i director de bonart cultural), Eulalia Grau (artista) i Quim Tugas (Col.leccionista).<\/p>\n<p>Tamb\u00e9 es va concedir el Premi Fundaci\u00f3 Llu\u00eds Coromina al projecte \u2018Arts <span class=\"hiddenSpellError\">Coming<\/span>\u2019, un projecte de cultura contempor\u00e0nia dedicat a la producci\u00f3, difusi\u00f3 i venda d\u2019obres d\u2019artistes actuals que investiguen i dialoguen amb els processos hist\u00f2rics de la modernitat, els sistemes de representaci\u00f3 de l\u2019art o els models pol\u00edtics.<\/p>\n","protected":false},"excerpt":{"rendered":"<p>La fira SWAB que s\u2019ha celebrat aquest mes a Barcelona, ha concedit el Premi Fundaci\u00f3 Llu\u00eds Coromina al millor artista &#8230;<\/p>\n","protected":false},"author":2,"featured_media":2781,"comment_status":"open","ping_status":"open","sticky":false,"template":"","format":"standard","meta":{"footnotes":""},"categories":[10],"tags":[213,138,214,141],"class_list":["post-2780","post","type-post","status-publish","format-standard","has-post-thumbnail","hentry","category-activitats","tag-arts-coming","tag-fira-swab","tag-gonzalo-rivera","tag-premi-fundacio-lluis-coromina"],"_links":{"self":[{"href":"http:\/\/fundaciolluiscoromina.org\/index.php\/wp-json\/wp\/v2\/posts\/2780","targetHints":{"allow":["GET"]}}],"collection":[{"href":"http:\/\/fundaciolluiscoromina.org\/index.php\/wp-json\/wp\/v2\/posts"}],"about":[{"href":"http:\/\/fundaciolluiscoromina.org\/index.php\/wp-json\/wp\/v2\/types\/post"}],"author":[{"embeddable":true,"href":"http:\/\/fundaciolluiscoromina.org\/index.php\/wp-json\/wp\/v2\/users\/2"}],"replies":[{"embeddable":true,"href":"http:\/\/fundaciolluiscoromina.org\/index.php\/wp-json\/wp\/v2\/comments?post=2780"}],"version-history":[{"count":0,"href":"http:\/\/fundaciolluiscoromina.org\/index.php\/wp-json\/wp\/v2\/posts\/2780\/revisions"}],"wp:attachment":[{"href":"http:\/\/fundaciolluiscoromina.org\/index.php\/wp-json\/wp\/v2\/media?parent=2780"}],"wp:term":[{"taxonomy":"category","embeddable":true,"href":"http:\/\/fundaciolluiscoromina.org\/index.php\/wp-json\/wp\/v2\/categories?post=2780"},{"taxonomy":"post_tag","embeddable":true,"href":"http:\/\/fundaciolluiscoromina.org\/index.php\/wp-json\/wp\/v2\/tags?post=2780"}],"curies":[{"name":"wp","href":"https:\/\/api.w.org\/{rel}","templated":true}]}}