{"id":2808,"date":"2015-12-12T13:42:09","date_gmt":"2015-12-12T12:42:09","guid":{"rendered":"http:\/\/www.fundaciolluiscoromina.org\/?p=2808"},"modified":"2015-12-12T13:42:09","modified_gmt":"2015-12-12T12:42:09","slug":"2808","status":"publish","type":"post","link":"http:\/\/fundaciolluiscoromina.org\/index.php\/2015\/12\/12\/2808\/","title":{"rendered":"Presentaci\u00f3 del monogr\u00e0fic sobre internacionalitzaci\u00f3 de l\u2019Art Catal\u00e0"},"content":{"rendered":"<p>La Fundaci\u00f3 Llu\u00eds Coromina ha col\u00b7laborat en la presentaci\u00f3 del monogr\u00e0fic sobre internacionalitzaci\u00f3 de l\u2019Art Catal\u00e0, que va tenir lloc el passat 9 de desembre a la seu de l\u2019Institut Ramon Llull, el Palau del Bar\u00f3 de <span class=\"hiddenSpellError\">Quadras<\/span>.<\/p>\n<p>Hi van participar el director de la Fundaci\u00f3 i de la revista <span class=\"hiddenSpellError\">Bonart<\/span> Cultural, Ricard <span class=\"hiddenSpellError\">Planas<\/span>, el director de l\u2019Institut Ramon Llull, \u00c0lex Susanna, els artistes Marcel\u00b7l\u00ed <span class=\"hiddenSpellError\">Ant\u00fanez<\/span> i Xavier Medina-Campeny i els cr\u00edtics d\u2019art Pilar <span class=\"hiddenSpellError\">Parcerisas<\/span> i Merc\u00e8 Alsina.<\/p>\n<div id=\"attachment_2809\" style=\"width: 1034px\" class=\"wp-caption alignnone\"><a href=\"http:\/\/www.fundaciolluiscoromina.org\/wp-content\/uploads\/2015\/12\/Taula-Bonart-047.jpg\"><img loading=\"lazy\" decoding=\"async\" aria-describedby=\"caption-attachment-2809\" class=\"wp-image-2809 size-large\" src=\"http:\/\/www.fundaciolluiscoromina.org\/wp-content\/uploads\/2015\/12\/Taula-Bonart-047-1024x683.jpg\" alt=\"Taula rodona sobre la internacionalitzaci\u00f3 de l'art catal\u00e0 a la seu de l'Institut Ramon Llull de Barcelona. FOTO:PERE DURAN\" width=\"1024\" height=\"683\" \/><\/a><p id=\"caption-attachment-2809\" class=\"wp-caption-text\">Foto: Pere Duran<\/p><\/div>\n<div id=\"attachment_2810\" style=\"width: 1034px\" class=\"wp-caption alignnone\"><a href=\"http:\/\/www.fundaciolluiscoromina.org\/wp-content\/uploads\/2015\/12\/Taula-Bonart-052.jpg\"><img loading=\"lazy\" decoding=\"async\" aria-describedby=\"caption-attachment-2810\" class=\"wp-image-2810 size-large\" src=\"http:\/\/www.fundaciolluiscoromina.org\/wp-content\/uploads\/2015\/12\/Taula-Bonart-052-1024x683.jpg\" alt=\"Taula rodona sobre la internacionalitzaci\u00f3 de l'art catal\u00e0 a la seu de l'Institut Ramon Llull de Barcelona. FOTO:PERE DURAN\" width=\"1024\" height=\"683\" \/><\/a><p id=\"caption-attachment-2810\" class=\"wp-caption-text\">Foto: Pere Duran<\/p><\/div>\n<div id=\"attachment_2812\" style=\"width: 1034px\" class=\"wp-caption alignnone\"><a href=\"http:\/\/www.fundaciolluiscoromina.org\/wp-content\/uploads\/2015\/12\/Taula-Bonart-092.jpg\"><img loading=\"lazy\" decoding=\"async\" aria-describedby=\"caption-attachment-2812\" class=\"wp-image-2812 size-large\" src=\"http:\/\/www.fundaciolluiscoromina.org\/wp-content\/uploads\/2015\/12\/Taula-Bonart-092-1024x683.jpg\" alt=\"Taula rodona sobre la internacionalitzaci\u00f3 de l'art catal\u00e0 a la seu de l'Institut Ramon Llull de Barcelona. FOTO:PERE DURAN\" width=\"1024\" height=\"683\" \/><\/a><p id=\"caption-attachment-2812\" class=\"wp-caption-text\">Foto: Pere Duran<\/p><\/div>\n<div id=\"attachment_2813\" style=\"width: 1034px\" class=\"wp-caption alignnone\"><a href=\"http:\/\/www.fundaciolluiscoromina.org\/wp-content\/uploads\/2015\/12\/Taula-Bonart-122.jpg\"><img loading=\"lazy\" decoding=\"async\" aria-describedby=\"caption-attachment-2813\" class=\"wp-image-2813 size-large\" src=\"http:\/\/www.fundaciolluiscoromina.org\/wp-content\/uploads\/2015\/12\/Taula-Bonart-122-1024x683.jpg\" alt=\"Taula rodona sobre la internacionalitzaci\u00f3 de l'art catal\u00e0 a la seu de l'Institut Ramon Llull de Barcelona. FOTO:PERE DURAN\" width=\"1024\" height=\"683\" \/><\/a><p id=\"caption-attachment-2813\" class=\"wp-caption-text\">Foto: Pere Duran<\/p><\/div>\n<div id=\"attachment_2814\" style=\"width: 1034px\" class=\"wp-caption alignnone\"><a href=\"http:\/\/www.fundaciolluiscoromina.org\/wp-content\/uploads\/2015\/12\/Taula-Bonart-168.jpg\"><img loading=\"lazy\" decoding=\"async\" aria-describedby=\"caption-attachment-2814\" class=\"wp-image-2814 size-large\" src=\"http:\/\/www.fundaciolluiscoromina.org\/wp-content\/uploads\/2015\/12\/Taula-Bonart-168-1024x683.jpg\" alt=\"Taula rodona sobre la internacionalitzaci\u00f3 de l'art catal\u00e0 a la seu de l'Institut Ramon Llull de Barcelona. FOTO:PERE DURAN\" width=\"1024\" height=\"683\" \/><\/a><p id=\"caption-attachment-2814\" class=\"wp-caption-text\">Foto: Pere Duran<\/p><\/div>\n<div id=\"attachment_2815\" style=\"width: 1034px\" class=\"wp-caption alignnone\"><a href=\"http:\/\/www.fundaciolluiscoromina.org\/wp-content\/uploads\/2015\/12\/Taula-Bonart-192.jpg\"><img loading=\"lazy\" decoding=\"async\" aria-describedby=\"caption-attachment-2815\" class=\"wp-image-2815 size-large\" src=\"http:\/\/www.fundaciolluiscoromina.org\/wp-content\/uploads\/2015\/12\/Taula-Bonart-192-1024x683.jpg\" alt=\"Taula rodona sobre la internacionalitzaci\u0097 de l'art catal\u0088 a la seu de l'Institut Ramon Llull de Barcelona. FOTO:PERE DURAN\" width=\"1024\" height=\"683\" \/><\/a><p id=\"caption-attachment-2815\" class=\"wp-caption-text\">Foto: Pere Duran<\/p><\/div>\n<div id=\"attachment_2816\" style=\"width: 1034px\" class=\"wp-caption alignnone\"><a href=\"http:\/\/www.fundaciolluiscoromina.org\/wp-content\/uploads\/2015\/12\/Taula-Bonart-224.jpg\"><img loading=\"lazy\" decoding=\"async\" aria-describedby=\"caption-attachment-2816\" class=\"wp-image-2816 size-large\" src=\"http:\/\/www.fundaciolluiscoromina.org\/wp-content\/uploads\/2015\/12\/Taula-Bonart-224-1024x683.jpg\" alt=\"Taula rodona sobre la internacionalitzaci\u0097 de l'art catal\u0088 a la seu de l'Institut Ramon Llull de Barcelona. FOTO:PERE DURAN\" width=\"1024\" height=\"683\" \/><\/a><p id=\"caption-attachment-2816\" class=\"wp-caption-text\">Foto: Pere Duran<\/p><\/div>\n<p>&nbsp;<\/p>\n","protected":false},"excerpt":{"rendered":"<p>La Fundaci\u00f3 Llu\u00eds Coromina ha col\u00b7laborat en la presentaci\u00f3 del monogr\u00e0fic sobre internacionalitzaci\u00f3 de l\u2019Art Catal\u00e0, que va tenir lloc &#8230;<\/p>\n","protected":false},"author":2,"featured_media":2811,"comment_status":"open","ping_status":"open","sticky":false,"template":"","format":"standard","meta":{"footnotes":""},"categories":[14],"tags":[220,221],"class_list":["post-2808","post","type-post","status-publish","format-standard","has-post-thumbnail","hentry","category-accions-culturals","tag-institut-ramon-llull","tag-internacionalitzacio-de-lart-catala"],"_links":{"self":[{"href":"http:\/\/fundaciolluiscoromina.org\/index.php\/wp-json\/wp\/v2\/posts\/2808","targetHints":{"allow":["GET"]}}],"collection":[{"href":"http:\/\/fundaciolluiscoromina.org\/index.php\/wp-json\/wp\/v2\/posts"}],"about":[{"href":"http:\/\/fundaciolluiscoromina.org\/index.php\/wp-json\/wp\/v2\/types\/post"}],"author":[{"embeddable":true,"href":"http:\/\/fundaciolluiscoromina.org\/index.php\/wp-json\/wp\/v2\/users\/2"}],"replies":[{"embeddable":true,"href":"http:\/\/fundaciolluiscoromina.org\/index.php\/wp-json\/wp\/v2\/comments?post=2808"}],"version-history":[{"count":0,"href":"http:\/\/fundaciolluiscoromina.org\/index.php\/wp-json\/wp\/v2\/posts\/2808\/revisions"}],"wp:attachment":[{"href":"http:\/\/fundaciolluiscoromina.org\/index.php\/wp-json\/wp\/v2\/media?parent=2808"}],"wp:term":[{"taxonomy":"category","embeddable":true,"href":"http:\/\/fundaciolluiscoromina.org\/index.php\/wp-json\/wp\/v2\/categories?post=2808"},{"taxonomy":"post_tag","embeddable":true,"href":"http:\/\/fundaciolluiscoromina.org\/index.php\/wp-json\/wp\/v2\/tags?post=2808"}],"curies":[{"name":"wp","href":"https:\/\/api.w.org\/{rel}","templated":true}]}}