{"id":2828,"date":"2015-12-23T20:48:26","date_gmt":"2015-12-23T19:48:26","guid":{"rendered":"http:\/\/www.fundaciolluiscoromina.org\/?p=2828"},"modified":"2015-12-23T20:48:26","modified_gmt":"2015-12-23T19:48:26","slug":"concert-de-duot-johannes-nastesjo-a-lespai-eat-art","status":"publish","type":"post","link":"http:\/\/fundaciolluiscoromina.org\/index.php\/2015\/12\/23\/concert-de-duot-johannes-nastesjo-a-lespai-eat-art\/","title":{"rendered":"Concert de DUOT &#038; Johannes N\u00e4stesj\u00f6 a l&#8217;Espai Eat Art"},"content":{"rendered":"<p><span class=\"hiddenSpellError\">DUOT<\/span>, format per Ramon Prats a la bateria i Albert Cirera al saxo, es tornen a reunir amb el contrabaixista suec, <span class=\"hiddenSpellError\">Johannes<\/span> <span class=\"hiddenSpellError\">N\u00e4stesj\u00f6<\/span>. <span class=\"hiddenSpellError\">DUOT<\/span> t\u00e9 una llarga traject\u00f2ria en el m\u00f3n de la m\u00fasica improvisada: 3 discs editats, tres gires europees i col\u00b7laboracions amb gent com Mats <span class=\"hiddenSpellError\">Gustafsson<\/span>, Agust\u00ed Fern\u00e1ndez, <span class=\"hiddenSpellError\">Hugo<\/span> <span class=\"hiddenSpellError\">Antunes<\/span>, <span class=\"hiddenSpellError\">Carlos<\/span> <span class=\"hiddenSpellError\">Zingaro<\/span> i un llarg etc\u00e8tera. Un d\u2019aquests col\u00b7laboradors ha estat <span class=\"hiddenSpellError\">Johannes<\/span> <span class=\"hiddenSpellError\">N\u00e4stesj\u00f6<\/span>, amb qui van compartir una gira per Su\u00e8cia i Dinamarca. En aquesta ocasi\u00f3, la trobada ser\u00e0 a Catalunya, passant per Barcelona, Vilafranca del Pened\u00e8s i Banyoles<\/p>\n<p>Dissabte 9 de gener, a les 21 h a l\u2019Espai <span class=\"hiddenSpellError\">Eat<\/span> Art de Banyoles \/ 5 \u20ac<\/p>\n","protected":false},"excerpt":{"rendered":"<p>DUOT, format per Ramon Prats a la bateria i Albert Cirera al saxo, es tornen a reunir amb el contrabaixista &#8230;<\/p>\n","protected":false},"author":2,"featured_media":2823,"comment_status":"open","ping_status":"open","sticky":false,"template":"","format":"standard","meta":{"footnotes":""},"categories":[10],"tags":[189,222,27,183],"class_list":["post-2828","post","type-post","status-publish","format-standard","has-post-thumbnail","hentry","category-activitats","tag-concerts","tag-duot","tag-espai-eat-art","tag-fem-jazz"],"_links":{"self":[{"href":"http:\/\/fundaciolluiscoromina.org\/index.php\/wp-json\/wp\/v2\/posts\/2828","targetHints":{"allow":["GET"]}}],"collection":[{"href":"http:\/\/fundaciolluiscoromina.org\/index.php\/wp-json\/wp\/v2\/posts"}],"about":[{"href":"http:\/\/fundaciolluiscoromina.org\/index.php\/wp-json\/wp\/v2\/types\/post"}],"author":[{"embeddable":true,"href":"http:\/\/fundaciolluiscoromina.org\/index.php\/wp-json\/wp\/v2\/users\/2"}],"replies":[{"embeddable":true,"href":"http:\/\/fundaciolluiscoromina.org\/index.php\/wp-json\/wp\/v2\/comments?post=2828"}],"version-history":[{"count":0,"href":"http:\/\/fundaciolluiscoromina.org\/index.php\/wp-json\/wp\/v2\/posts\/2828\/revisions"}],"wp:attachment":[{"href":"http:\/\/fundaciolluiscoromina.org\/index.php\/wp-json\/wp\/v2\/media?parent=2828"}],"wp:term":[{"taxonomy":"category","embeddable":true,"href":"http:\/\/fundaciolluiscoromina.org\/index.php\/wp-json\/wp\/v2\/categories?post=2828"},{"taxonomy":"post_tag","embeddable":true,"href":"http:\/\/fundaciolluiscoromina.org\/index.php\/wp-json\/wp\/v2\/tags?post=2828"}],"curies":[{"name":"wp","href":"https:\/\/api.w.org\/{rel}","templated":true}]}}