{"id":2831,"date":"2015-12-26T18:52:10","date_gmt":"2015-12-26T17:52:10","guid":{"rendered":"http:\/\/www.fundaciolluiscoromina.org\/?p=2831"},"modified":"2015-12-26T18:52:10","modified_gmt":"2015-12-26T17:52:10","slug":"instal-lacio-sonora-equilibris-precaris-dels-cabosanroque-al-puntal-laboratori-de-les-arts-de-banyoles","status":"publish","type":"post","link":"http:\/\/fundaciolluiscoromina.org\/index.php\/2015\/12\/26\/instal-lacio-sonora-equilibris-precaris-dels-cabosanroque-al-puntal-laboratori-de-les-arts-de-banyoles\/","title":{"rendered":"Instal.laci\u00f3 sonora \u201dEquilibris precaris\u201d dels CaboSanRoque al Puntal-Laboratori de les Arts de Banyoles"},"content":{"rendered":"<p><a href=\"http:\/\/www.fundaciolluiscoromina.org\/wp-content\/uploads\/2015\/12\/inauguracio-cabosanroque-1.jpg\"><img loading=\"lazy\" decoding=\"async\" class=\"alignnone size-large wp-image-2832\" src=\"http:\/\/www.fundaciolluiscoromina.org\/wp-content\/uploads\/2015\/12\/inauguracio-cabosanroque-1-877x1024.jpg\" alt=\"inauguracio cabosanroque 1\" width=\"877\" height=\"1024\" \/><\/a><\/p>\n<p>El 22 de gener inaugurem la instal\u00b7laci\u00f3 sonora <span class=\"hiddenGrammarError\">\u201d<\/span>Equilibris precaris<span class=\"hiddenGrammarError\">\u201d<\/span> dels <span class=\"hiddenSpellError\">CaboSanRoque<\/span> al Puntal-Laboratori de les Arts de Banyoles i es podr\u00e0 visitar del 23 de gener al 5 de febrer.<\/p>\n<p>CaboSanRoque va n\u00e9ixer el 2001 com a col\u00b7lectiu musical, manllevant el nom d\u2019un vell transatl\u00e0ntic. Actualment est\u00e0 integrat per Laia Torrents (Barcelona, 1976), enginyera industrial, i Roger Aixut (Barcelona, 1975), arquitecte, que van deixar la ind\u00fastria per dedicar-se plenament a CaboSanRoque. A cavall entre grup de rock experimental, artistes pl\u00e0stics i performers, CaboSanRoque desborden les categories gr\u00e0cies als seus artefactes: mat\u00e8ria i ona, m\u00e0quines musicals i instruments que fan soroll, objectes en s\u00e8rie que es tornen \u00fanics en els seus collages mec\u00e0nic-sonors. En catorze anys d\u2019exist\u00e8ncia, CaboSanRoque han generat una poblaci\u00f3 heter\u00f2clita de m\u00e0quines musicals que viatgen d\u2019una escena a l\u2019altra i han col\u00b7laborat amb grans noms de l\u2019escena musical, popular i experimental, i de les arts esc\u00e8niques i pl\u00e0stiques.<\/p>\n<p>Despr\u00e9s de presentar la seva exposici\u00f3 antol\u00f2gica La cobla \u2018pataf\u00edsica, a principis de 2015 al centre Arts Santa M\u00f2nica de Barcelona, la Fundaci\u00f3 Llu\u00eds Coromina ofereix a CaboSanRoque un espai al Puntal d\u2019Arts de Banyoles per tal de qu\u00e8 la seva col\u00b7lecci\u00f3 de collages mec\u00e0nics-sonors pugui continuar creixent. Com a celebraci\u00f3 de l\u2019inici d\u2019aquesta col\u00b7laboraci\u00f3, CaboSanRoque presenta a Banyoles la instal\u00b7laci\u00f3 sonora \u201cEquilibris precaris\u201d.<\/p>\n<p>En totes les obres de CaboSanRoque \u00e9s necessari un equilibri, moltes vegades preci\u00f3s i precari. Par\u00e0metres i condicions f\u00edsiques es relacionen en una fr\u00e0gil estabilitat, per tal que aparegui un fenomen excepcional, l\u2019excepcionalitat del so \u00fanic que t\u00e9 el seu origen en la metaf\u00edsica de l\u2019objecte, en la singularitat de la seva vida passada.<\/p>\n<p>L\u2019equilibri precari tamb\u00e9 ens parla del terreny en el qu\u00e8 camina CaboSanRoque en un sistema de forces compr\u00e8s entre diferents disciplines com l\u2019art sonor, la m\u00fasica, les arts pl\u00e0stiques, les arts esc\u00e8niques, la performance, etc, etc. Disciplines que el m\u00f3n insisteix en separar i que per CaboSanRoque conformen un continu sota el qual desenvolupa la seva feina.<\/p>\n<p>Equilibris precaris \u00e9s una instal\u00b7laci\u00f3 sonora que reorganitza la majoria dels collages mec\u00e0nics-sonors d\u2019objectes creats per CaboSanRoque en els darrers 15 anys i la seva extensa col\u00b7lecci\u00f3 personal de fetitxes per construir un paisatge laber\u00edntic de t\u00f2tems i fites topogr\u00e0fiques, acumulacions d\u2019objectes personals i creacions mec\u00e0niques.<\/p>\n<p>Equilibris precaris posa en relaci\u00f3 la vessant de CaboSanRoque com a col\u00b7leccionistes de sons, amb el col\u00b7leccionisme d\u2019objectes, fru\u00eft de diferents experi\u00e8ncies vivencials, viatges, obsequis i troballes. D\u2019aquesta manera, els objectes personals i les creacions es relacionen entre s\u00ed, esborrant qualsevol valor jer\u00e0rquic entre ells. Equilibris precaris \u00e9s la creaci\u00f3 d\u2019una topografia emocional per explosi\u00f3 d\u2019un arxiu de rareses, condensaci\u00f3 i expansi\u00f3 de sons i objectes, el so excepcional de la quotidianitat: cintes m\u00e8triques, caps de vedella, ampolles de laboratori, pintes, fotografies, butaques, caragoles i magnet\u00f2fons.<\/p>\n<p>Una col\u00b7lecci\u00f3 de sons significa entendre la multiplicitat del m\u00f3n sonor, trobar un significat ocult i aprendre, en el terreny personal, la magnitud del que \u00e9s meravell\u00f3s davant el descobriment de cada nou so. En aquest sentit, la col\u00b7lecci\u00f3 de CaboSanRoque es planteja com un descobriment personal, una recerca de generaci\u00f3 de sons a partir de la mec\u00e0nica que es mou entre la intu\u00efci\u00f3 i l\u2019erudici\u00f3 per provocar- nos el reflex de la sorpresa i el sobresalt.<\/p>\n<p>Per a m\u00e9s informaci\u00f3: comunicacio@fundaciolluiscoromina.org<\/p>\n","protected":false},"excerpt":{"rendered":"<p>El 22 de gener inaugurem la instal\u00b7laci\u00f3 sonora \u201dEquilibris precaris\u201d dels CaboSanRoque al Puntal-Laboratori de les Arts de Banyoles i &#8230;<\/p>\n","protected":false},"author":2,"featured_media":2827,"comment_status":"open","ping_status":"open","sticky":false,"template":"","format":"standard","meta":{"footnotes":""},"categories":[14,10,13],"tags":[201,38,186],"class_list":["post-2831","post","type-post","status-publish","format-standard","has-post-thumbnail","hentry","category-accions-culturals","category-activitats","category-exposicions-puntal-lab","tag-cabosanroque","tag-el-puntal","tag-musica"],"_links":{"self":[{"href":"http:\/\/fundaciolluiscoromina.org\/index.php\/wp-json\/wp\/v2\/posts\/2831","targetHints":{"allow":["GET"]}}],"collection":[{"href":"http:\/\/fundaciolluiscoromina.org\/index.php\/wp-json\/wp\/v2\/posts"}],"about":[{"href":"http:\/\/fundaciolluiscoromina.org\/index.php\/wp-json\/wp\/v2\/types\/post"}],"author":[{"embeddable":true,"href":"http:\/\/fundaciolluiscoromina.org\/index.php\/wp-json\/wp\/v2\/users\/2"}],"replies":[{"embeddable":true,"href":"http:\/\/fundaciolluiscoromina.org\/index.php\/wp-json\/wp\/v2\/comments?post=2831"}],"version-history":[{"count":0,"href":"http:\/\/fundaciolluiscoromina.org\/index.php\/wp-json\/wp\/v2\/posts\/2831\/revisions"}],"wp:attachment":[{"href":"http:\/\/fundaciolluiscoromina.org\/index.php\/wp-json\/wp\/v2\/media?parent=2831"}],"wp:term":[{"taxonomy":"category","embeddable":true,"href":"http:\/\/fundaciolluiscoromina.org\/index.php\/wp-json\/wp\/v2\/categories?post=2831"},{"taxonomy":"post_tag","embeddable":true,"href":"http:\/\/fundaciolluiscoromina.org\/index.php\/wp-json\/wp\/v2\/tags?post=2831"}],"curies":[{"name":"wp","href":"https:\/\/api.w.org\/{rel}","templated":true}]}}