{"id":286,"date":"2011-04-18T08:25:45","date_gmt":"2011-04-18T08:25:45","guid":{"rendered":"http:\/\/espaieatart.wordpress.com\/?p=286"},"modified":"2011-04-18T08:25:45","modified_gmt":"2011-04-18T08:25:45","slug":"cristina-gimenez-comissaria-de-lexposicio-lart-del-menjar-dels-bodegons-a-ferran-adria-visita-lespai-eat-art-de-banyoles","status":"publish","type":"post","link":"http:\/\/fundaciolluiscoromina.org\/index.php\/2011\/04\/18\/cristina-gimenez-comissaria-de-lexposicio-lart-del-menjar-dels-bodegons-a-ferran-adria-visita-lespai-eat-art-de-banyoles\/","title":{"rendered":"Cristina Gim\u00e9nez, curadora de l&#8217;exposici\u00f3 \u00abL&#8217;Art del Menjar, dels bodegons a Ferran Adri\u00e0\u00bb, visita l&#8217;Espai Eat Art"},"content":{"rendered":"<p style=\"text-align:justify;\"><a href=\"http:\/\/espaieatart.files.wordpress.com\/2011\/04\/cristina-gimc3a9nez-espai-eat-art.jpg\"><img loading=\"lazy\" decoding=\"async\" class=\"size-large wp-image-287\" title=\"Cristina Gim\u00e9nez ESPAI EAT ART abril 2011\" src=\"http:\/\/espaieatart.files.wordpress.com\/2011\/04\/cristina-gimc3a9nez-espai-eat-art.jpg?w=1024\" alt=\"\" width=\"368\" height=\"276\" \/><\/a><\/p>\n<p><em>Ricard Planas amb Cristina Gim\u00e9nez. foto \u00a9 Anna Bah\u00ed.<\/em><\/p>\n<p style=\"text-align:justify;\">La curadora de l&#8217;exposici\u00f3 \u00ab<em>L&#8217;Art del menjar, dels bodegons a ferran adri\u00e0<\/em>\u00bb va visitar l&#8217;Espai Eat Art de Banyoles on -fins el 31 de maig 2011- s&#8217;exposa la mostra \u00ab<em>Interf\u00edcie en <\/em><em>construcci\u00f3, ess\u00e8ncia elbulli<\/em>\u00bb de l&#8217;escultor i dissenyador Pere Gifre. Aix\u00ed mateix, Gim\u00e9nez \u2013que actualment est\u00e0 treballant a la galeria-estudi Ivorypress a Madrid\u2013 va con\u00e8ixer els treballs que Llu\u00eds Vil\u00e0 havia dut a terme sobre l&#8217;Eat Art. \u00abL&#8217;Art del menjar\u00bb s&#8217;exhibeix a les sales de CatalunyaCaixa-\u00abLa Pedrera\u00bb de Barcelona fins el 26 de juny 2011.<\/p>\n<p style=\"text-align:center;\">\n<p style=\"text-align:left;\"><em><br \/>\n<\/em><\/p>\n","protected":false},"excerpt":{"rendered":"<p>Ricard Planas amb Cristina Gim\u00e9nez. foto \u00a9 Anna Bah\u00ed. La curadora de l&#8217;exposici\u00f3 \u00abL&#8217;Art del menjar, dels bodegons a ferran &#8230;<\/p>\n","protected":false},"author":1,"featured_media":287,"comment_status":"open","ping_status":"open","sticky":false,"template":"","format":"standard","meta":{"footnotes":""},"categories":[9],"tags":[],"class_list":["post-286","post","type-post","status-publish","format-standard","has-post-thumbnail","hentry","category-historic"],"_links":{"self":[{"href":"http:\/\/fundaciolluiscoromina.org\/index.php\/wp-json\/wp\/v2\/posts\/286","targetHints":{"allow":["GET"]}}],"collection":[{"href":"http:\/\/fundaciolluiscoromina.org\/index.php\/wp-json\/wp\/v2\/posts"}],"about":[{"href":"http:\/\/fundaciolluiscoromina.org\/index.php\/wp-json\/wp\/v2\/types\/post"}],"author":[{"embeddable":true,"href":"http:\/\/fundaciolluiscoromina.org\/index.php\/wp-json\/wp\/v2\/users\/1"}],"replies":[{"embeddable":true,"href":"http:\/\/fundaciolluiscoromina.org\/index.php\/wp-json\/wp\/v2\/comments?post=286"}],"version-history":[{"count":0,"href":"http:\/\/fundaciolluiscoromina.org\/index.php\/wp-json\/wp\/v2\/posts\/286\/revisions"}],"wp:attachment":[{"href":"http:\/\/fundaciolluiscoromina.org\/index.php\/wp-json\/wp\/v2\/media?parent=286"}],"wp:term":[{"taxonomy":"category","embeddable":true,"href":"http:\/\/fundaciolluiscoromina.org\/index.php\/wp-json\/wp\/v2\/categories?post=286"},{"taxonomy":"post_tag","embeddable":true,"href":"http:\/\/fundaciolluiscoromina.org\/index.php\/wp-json\/wp\/v2\/tags?post=286"}],"curies":[{"name":"wp","href":"https:\/\/api.w.org\/{rel}","templated":true}]}}