{"id":2870,"date":"2016-01-23T21:45:25","date_gmt":"2016-01-23T20:45:25","guid":{"rendered":"http:\/\/www.fundaciolluiscoromina.org\/?p=2870"},"modified":"2016-01-23T21:45:25","modified_gmt":"2016-01-23T20:45:25","slug":"inauguracio-de-lexposicio-no-hay-luz-sin-oscuridad-a-carrec-dagus-prats","status":"publish","type":"post","link":"http:\/\/fundaciolluiscoromina.org\/index.php\/2016\/01\/23\/inauguracio-de-lexposicio-no-hay-luz-sin-oscuridad-a-carrec-dagus-prats\/","title":{"rendered":"Inauguraci\u00f3 de l&#8217;exposici\u00f3 &#8216;No hay luz sin oscuridad&#8217; a c\u00e0rrec d&#8217;Agus Prats"},"content":{"rendered":"<p><span class=\"fsl\">Despr\u00e9s de patir un traumatisme cranioencef\u00e0lic que em va deixar totalment imm\u00f2bil durant setmanes i del que actualment pateixo seq\u00fceles, he hagut d&#8217;adaptar-me a una nova forma de fotografiar al carrer. Vaig idear un sistema per subjectar la c\u00e0mera al xass\u00eds de la cadira de rodes i fotografiar mitjan\u00e7ant un disparador remot.<\/span><\/p>\n<p>\u201cNo hay luz sin oscuridad\u201d \u00e9s el resultat de mesos fotografiant el carrer en un intent de comprendre certs aspectes personals, i de compartir aquestes fotografies amb Maria J. S\u00e1nchez, una persona afectada per un Trastorn L\u00edmit de la Personalitat. Es van establir paral\u00b7lelismes molt estrets entre el que ella sentia mentalment i entre el que jo fotografiava, i ha existit una forta implicaci\u00f3 emocional, tant pel dolor que sent aquesta persona a causa del seu trastorn, com per les meves experi\u00e8ncies passades.\u00bb<\/p>\n<p><a href=\"http:\/\/www.agusprats.com\/no-hay-luz-sin-oscuridad.html\" target=\"_blank\" rel=\"nofollow nofollow\">http:\/\/www.agusprats.com\/<wbr \/>no-hay-luz-sin-oscuridad.ht<wbr \/>ml<\/a><\/p>\n<p>Del 30 de gener fins al 29 de febrer<\/p>\n<p>Relacionat amb l&#8217;exposici\u00f3 <span class=\"hiddenGrammarError\">es<\/span> celebrar\u00e0 una sessi\u00f3 de confer\u00e8ncies sota el t\u00edtol &#8216;LA FOTOGRAFIA COM A EINA <span class=\"hiddenSpellError\">TERAP\u00c8UTICA<\/span>&#8216;, el 13 de febrer a les <span class=\"hiddenGrammarError\">11h<\/span> a l&#8217;Espai <span class=\"hiddenSpellError\">Eat<\/span> Art.<br \/>\nHi intervindran el mateix <span class=\"hiddenSpellError\">Agus<\/span> Prats que ens explicar\u00e0 la seva experi\u00e8ncia personal amb imatges d&#8217;arxiu de les fotografies que va fer a 2001 a l<span class=\"hiddenGrammarError\">\u00b4<\/span>hospital quan va sofrir l<span class=\"hiddenGrammarError\">\u00b4<\/span>accident.<br \/>\nEn <span class=\"hiddenSpellError\">Tino<\/span> Soriano, presentar\u00e0 un projecte personal sobre la medicina alternativa en el que treballa actualment: El <span class=\"hiddenSpellError\">arte<\/span> <span class=\"hiddenGrammarError\">y<\/span> la <span class=\"hiddenSpellError\">ciencia<\/span> de la <span class=\"hiddenSpellError\">sanaci\u00f3n<\/span>. I la Maria <span class=\"hiddenSpellError\">Abras<\/span> presentar\u00e0 \u201c<span class=\"hiddenSpellError\">Vrindavan<\/span>&#8216;s <span class=\"hiddenSpellError\">widows<\/span>\u201d, el seu reportatge fotogr\u00e0fic que ha estat guanyador del <span class=\"hiddenSpellError\">FineArt<\/span> Igualada 2016 el qual reflecteix la mort en vida que pateixen les dones de la \u00cdndia quan mor el seu marit.<\/p>\n","protected":false},"excerpt":{"rendered":"<p>Despr\u00e9s de patir un traumatisme cranioencef\u00e0lic que em va deixar totalment imm\u00f2bil durant setmanes i del que actualment pateixo seq\u00fceles, &#8230;<\/p>\n","protected":false},"author":2,"featured_media":2877,"comment_status":"open","ping_status":"open","sticky":false,"template":"","format":"standard","meta":{"footnotes":""},"categories":[17],"tags":[225,63],"class_list":["post-2870","post","type-post","status-publish","format-standard","has-post-thumbnail","hentry","category-exposicions-espai-eat-art","tag-agus-prat","tag-fotografia"],"_links":{"self":[{"href":"http:\/\/fundaciolluiscoromina.org\/index.php\/wp-json\/wp\/v2\/posts\/2870","targetHints":{"allow":["GET"]}}],"collection":[{"href":"http:\/\/fundaciolluiscoromina.org\/index.php\/wp-json\/wp\/v2\/posts"}],"about":[{"href":"http:\/\/fundaciolluiscoromina.org\/index.php\/wp-json\/wp\/v2\/types\/post"}],"author":[{"embeddable":true,"href":"http:\/\/fundaciolluiscoromina.org\/index.php\/wp-json\/wp\/v2\/users\/2"}],"replies":[{"embeddable":true,"href":"http:\/\/fundaciolluiscoromina.org\/index.php\/wp-json\/wp\/v2\/comments?post=2870"}],"version-history":[{"count":0,"href":"http:\/\/fundaciolluiscoromina.org\/index.php\/wp-json\/wp\/v2\/posts\/2870\/revisions"}],"wp:attachment":[{"href":"http:\/\/fundaciolluiscoromina.org\/index.php\/wp-json\/wp\/v2\/media?parent=2870"}],"wp:term":[{"taxonomy":"category","embeddable":true,"href":"http:\/\/fundaciolluiscoromina.org\/index.php\/wp-json\/wp\/v2\/categories?post=2870"},{"taxonomy":"post_tag","embeddable":true,"href":"http:\/\/fundaciolluiscoromina.org\/index.php\/wp-json\/wp\/v2\/tags?post=2870"}],"curies":[{"name":"wp","href":"https:\/\/api.w.org\/{rel}","templated":true}]}}