{"id":2884,"date":"2016-01-31T12:15:37","date_gmt":"2016-01-31T11:15:37","guid":{"rendered":"http:\/\/www.fundaciolluiscoromina.org\/?p=2884"},"modified":"2016-01-31T12:15:37","modified_gmt":"2016-01-31T11:15:37","slug":"inauguracio-ahir-de-no-hay-luz-sin-oscuridad-a-carrec-dagus-prats","status":"publish","type":"post","link":"http:\/\/fundaciolluiscoromina.org\/index.php\/2016\/01\/31\/inauguracio-ahir-de-no-hay-luz-sin-oscuridad-a-carrec-dagus-prats\/","title":{"rendered":"Inauguraci\u00f3 ahir de &#8216;No hay luz sin oscuridad&#8217; a c\u00e0rrec d&#8217;Agus Prats"},"content":{"rendered":"<p>L&#8217;exposici\u00f3 es podr\u00e0 visitar a l&#8217;Espai Eat Art a la pla\u00e7a major de Banyoles, fins al 29 de febrer.<\/p>\n<p>http:\/\/www.agusprats.com\/<wbr \/>no-hay-luz-sin-oscuridad.ht<wbr \/>m<\/p>\n<div id=\"attachment_2886\" style=\"width: 1034px\" class=\"wp-caption alignnone\"><a href=\"http:\/\/www.fundaciolluiscoromina.org\/wp-content\/uploads\/2016\/01\/In-Agust-Prats-P2.jpg\"><img loading=\"lazy\" decoding=\"async\" aria-describedby=\"caption-attachment-2886\" class=\"size-large wp-image-2886\" src=\"http:\/\/www.fundaciolluiscoromina.org\/wp-content\/uploads\/2016\/01\/In-Agust-Prats-P2-1024x683.jpg\" alt=\"Inauguraci\u00f3 exposicio &quot;No hay luz sin oscuridad&quot;, fotografies de Agust Prats al l'espai Eat Art de Banyoles. FOTO: PERE DURAN\" width=\"1024\" height=\"683\" \/><\/a><p id=\"caption-attachment-2886\" class=\"wp-caption-text\">Inauguraci\u00f3 exposicio \u00abNo hay luz sin oscuridad\u00bb, fotografies de Agust Prats al l&#8217;espai Eat Art de Banyoles. FOTO: PERE DURAN<\/p><\/div>\n<div id=\"attachment_2887\" style=\"width: 1034px\" class=\"wp-caption alignnone\"><a href=\"http:\/\/www.fundaciolluiscoromina.org\/wp-content\/uploads\/2016\/01\/In-Agust-Prats-P3.jpg\"><img loading=\"lazy\" decoding=\"async\" aria-describedby=\"caption-attachment-2887\" class=\"size-large wp-image-2887\" src=\"http:\/\/www.fundaciolluiscoromina.org\/wp-content\/uploads\/2016\/01\/In-Agust-Prats-P3-1024x683.jpg\" alt=\"Inauguraci\u00f3 exposicio &quot;No hay luz sin oscuridad&quot;, fotografies de Agust Prats al l'espai Eat Art de Banyoles. FOTO: PERE DURAN\" width=\"1024\" height=\"683\" \/><\/a><p id=\"caption-attachment-2887\" class=\"wp-caption-text\">Inauguraci\u00f3 exposicio \u00abNo hay luz sin oscuridad\u00bb, fotografies de Agust Prats al l&#8217;espai Eat Art de Banyoles. FOTO: PERE DURAN<\/p><\/div>\n<div id=\"attachment_2888\" style=\"width: 1034px\" class=\"wp-caption alignnone\"><a href=\"http:\/\/www.fundaciolluiscoromina.org\/wp-content\/uploads\/2016\/01\/In-Agust-Prats-P4.jpg\"><img loading=\"lazy\" decoding=\"async\" aria-describedby=\"caption-attachment-2888\" class=\"size-large wp-image-2888\" src=\"http:\/\/www.fundaciolluiscoromina.org\/wp-content\/uploads\/2016\/01\/In-Agust-Prats-P4-1024x683.jpg\" alt=\"Inauguraci\u00f3 exposicio &quot;No hay luz sin oscuridad&quot;, fotografies de Agust Prats al l'espai Eat Art de Banyoles. FOTO: PERE DURAN\" width=\"1024\" height=\"683\" \/><\/a><p id=\"caption-attachment-2888\" class=\"wp-caption-text\">Inauguraci\u00f3 exposicio \u00abNo hay luz sin oscuridad\u00bb, fotografies de Agust Prats al l&#8217;espai Eat Art de Banyoles. FOTO: PERE DURAN<\/p><\/div>\n<div id=\"attachment_2889\" style=\"width: 1034px\" class=\"wp-caption alignnone\"><a href=\"http:\/\/www.fundaciolluiscoromina.org\/wp-content\/uploads\/2016\/01\/In-Agust-Prats-P5.jpg\"><img loading=\"lazy\" decoding=\"async\" aria-describedby=\"caption-attachment-2889\" class=\"size-large wp-image-2889\" src=\"http:\/\/www.fundaciolluiscoromina.org\/wp-content\/uploads\/2016\/01\/In-Agust-Prats-P5-1024x683.jpg\" alt=\"Inauguraci\u00f3 exposicio &quot;No hay luz sin oscuridad&quot;, fotografies de Agust Prats al l'espai Eat Art de Banyoles. FOTO: PERE DURAN\" width=\"1024\" height=\"683\" \/><\/a><p id=\"caption-attachment-2889\" class=\"wp-caption-text\">Inauguraci\u00f3 exposicio \u00abNo hay luz sin oscuridad\u00bb, fotografies de Agust Prats al l&#8217;espai Eat Art de Banyoles. FOTO: PERE DURAN<\/p><\/div>\n<div id=\"attachment_2890\" style=\"width: 693px\" class=\"wp-caption alignnone\"><a href=\"http:\/\/www.fundaciolluiscoromina.org\/wp-content\/uploads\/2016\/01\/In-Agust-Prats-P6.jpg\"><img loading=\"lazy\" decoding=\"async\" aria-describedby=\"caption-attachment-2890\" class=\"size-large wp-image-2890\" src=\"http:\/\/www.fundaciolluiscoromina.org\/wp-content\/uploads\/2016\/01\/In-Agust-Prats-P6-683x1024.jpg\" alt=\"Inauguraci\u00f3 exposicio &quot;No hay luz sin oscuridad&quot;, fotografies de Agust Prats al l'espai Eat Art de Banyoles. FOTO: PERE DURAN\" width=\"683\" height=\"1024\" \/><\/a><p id=\"caption-attachment-2890\" class=\"wp-caption-text\">Inauguraci\u00f3 exposicio \u00abNo hay luz sin oscuridad\u00bb, fotografies de Agust Prats al l&#8217;espai Eat Art de Banyoles. FOTO: PERE DURAN<\/p><\/div>\n<div id=\"attachment_2891\" style=\"width: 1034px\" class=\"wp-caption alignnone\"><a href=\"http:\/\/www.fundaciolluiscoromina.org\/wp-content\/uploads\/2016\/01\/In-Agust-Prats-P7.jpg\"><img loading=\"lazy\" decoding=\"async\" aria-describedby=\"caption-attachment-2891\" class=\"size-large wp-image-2891\" src=\"http:\/\/www.fundaciolluiscoromina.org\/wp-content\/uploads\/2016\/01\/In-Agust-Prats-P7-1024x683.jpg\" alt=\"Inauguraci\u00f3 exposicio &quot;No hay luz sin oscuridad&quot;, fotografies de Agust Prats al l'espai Eat Art de Banyoles. FOTO: PERE DURAN\" width=\"1024\" height=\"683\" \/><\/a><p id=\"caption-attachment-2891\" class=\"wp-caption-text\">Inauguraci\u00f3 exposicio \u00abNo hay luz sin oscuridad\u00bb, fotografies de Agust Prats al l&#8217;espai Eat Art de Banyoles. FOTO: PERE DURAN<\/p><\/div>\n<div id=\"attachment_2892\" style=\"width: 1034px\" class=\"wp-caption alignnone\"><a href=\"http:\/\/www.fundaciolluiscoromina.org\/wp-content\/uploads\/2016\/01\/In-Agust-Prats-P8.jpg\"><img loading=\"lazy\" decoding=\"async\" aria-describedby=\"caption-attachment-2892\" class=\"size-large wp-image-2892\" src=\"http:\/\/www.fundaciolluiscoromina.org\/wp-content\/uploads\/2016\/01\/In-Agust-Prats-P8-1024x683.jpg\" alt=\"Inauguraci\u00f3 exposicio &quot;No hay luz sin oscuridad&quot;, fotografies de Agust Prats al l'espai Eat Art de Banyoles. FOTO: PERE DURAN\" width=\"1024\" height=\"683\" \/><\/a><p id=\"caption-attachment-2892\" class=\"wp-caption-text\">Inauguraci\u00f3 exposicio \u00abNo hay luz sin oscuridad\u00bb, fotografies de Agust Prats al l&#8217;espai Eat Art de Banyoles. FOTO: PERE DURAN<\/p><\/div>\n<div id=\"attachment_2893\" style=\"width: 1034px\" class=\"wp-caption alignnone\"><a href=\"http:\/\/www.fundaciolluiscoromina.org\/wp-content\/uploads\/2016\/01\/In-Agust-Prats-P9.jpg\"><img loading=\"lazy\" decoding=\"async\" aria-describedby=\"caption-attachment-2893\" class=\"size-large wp-image-2893\" src=\"http:\/\/www.fundaciolluiscoromina.org\/wp-content\/uploads\/2016\/01\/In-Agust-Prats-P9-1024x683.jpg\" alt=\"Inauguraci\u00f3 exposicio &quot;No hay luz sin oscuridad&quot;, fotografies de Agust Prats al l'espai Eat Art de Banyoles. FOTO: PERE DURAN\" width=\"1024\" height=\"683\" \/><\/a><p id=\"caption-attachment-2893\" class=\"wp-caption-text\">Inauguraci\u00f3 exposicio \u00abNo hay luz sin oscuridad\u00bb, fotografies de Agust Prats al l&#8217;espai Eat Art de Banyoles. FOTO: PERE DURAN<\/p><\/div>\n<div id=\"attachment_2894\" style=\"width: 1034px\" class=\"wp-caption alignnone\"><a href=\"http:\/\/www.fundaciolluiscoromina.org\/wp-content\/uploads\/2016\/01\/In-Agust-Prats-P10.jpg\"><img loading=\"lazy\" decoding=\"async\" aria-describedby=\"caption-attachment-2894\" class=\"wp-image-2894 size-large\" src=\"http:\/\/www.fundaciolluiscoromina.org\/wp-content\/uploads\/2016\/01\/In-Agust-Prats-P10-1024x683.jpg\" alt=\"Inauguraci\u00f3 exposicio &quot;No hay luz sin oscuridad&quot;, fotografies de Agust Prats al l'espai Eat Art de Banyoles. FOTO: PERE DURAN\" width=\"1024\" height=\"683\" \/><\/a><p id=\"caption-attachment-2894\" class=\"wp-caption-text\">Inauguraci\u00f3 exposicio \u00abNo hay luz sin oscuridad\u00bb, fotografies de Agust Prats al l&#8217;espai Eat Art de Banyoles. FOTO: PERE DURAN<\/p><\/div>\n","protected":false},"excerpt":{"rendered":"<p>L&#8217;exposici\u00f3 es podr\u00e0 visitar a l&#8217;Espai Eat Art a la pla\u00e7a major de Banyoles, fins al 29 de febrer. http:\/\/www.agusprats.com\/no-hay-luz-sin-oscuridad.htm<\/p>\n","protected":false},"author":2,"featured_media":2885,"comment_status":"open","ping_status":"open","sticky":false,"template":"","format":"standard","meta":{"footnotes":""},"categories":[14,17],"tags":[226,27,63],"class_list":["post-2884","post","type-post","status-publish","format-standard","has-post-thumbnail","hentry","category-accions-culturals","category-exposicions-espai-eat-art","tag-agus-prats","tag-espai-eat-art","tag-fotografia"],"_links":{"self":[{"href":"http:\/\/fundaciolluiscoromina.org\/index.php\/wp-json\/wp\/v2\/posts\/2884","targetHints":{"allow":["GET"]}}],"collection":[{"href":"http:\/\/fundaciolluiscoromina.org\/index.php\/wp-json\/wp\/v2\/posts"}],"about":[{"href":"http:\/\/fundaciolluiscoromina.org\/index.php\/wp-json\/wp\/v2\/types\/post"}],"author":[{"embeddable":true,"href":"http:\/\/fundaciolluiscoromina.org\/index.php\/wp-json\/wp\/v2\/users\/2"}],"replies":[{"embeddable":true,"href":"http:\/\/fundaciolluiscoromina.org\/index.php\/wp-json\/wp\/v2\/comments?post=2884"}],"version-history":[{"count":0,"href":"http:\/\/fundaciolluiscoromina.org\/index.php\/wp-json\/wp\/v2\/posts\/2884\/revisions"}],"wp:attachment":[{"href":"http:\/\/fundaciolluiscoromina.org\/index.php\/wp-json\/wp\/v2\/media?parent=2884"}],"wp:term":[{"taxonomy":"category","embeddable":true,"href":"http:\/\/fundaciolluiscoromina.org\/index.php\/wp-json\/wp\/v2\/categories?post=2884"},{"taxonomy":"post_tag","embeddable":true,"href":"http:\/\/fundaciolluiscoromina.org\/index.php\/wp-json\/wp\/v2\/tags?post=2884"}],"curies":[{"name":"wp","href":"https:\/\/api.w.org\/{rel}","templated":true}]}}